{"id":3669,"date":"2025-10-30T16:09:34","date_gmt":"2025-10-30T15:09:34","guid":{"rendered":"https:\/\/www.vodarenskepohlady.sk\/?p=3669"},"modified":"2025-10-30T16:13:25","modified_gmt":"2025-10-30T15:13:25","slug":"zasadnutie-eureau-komisia-eu2-odpadove-vody-2","status":"publish","type":"post","link":"https:\/\/www.vodarenskepohlady.sk\/?p=3669","title":{"rendered":"Zasadnutie EurEau, komisia EU2 odpadov\u00e9 vody"},"content":{"rendered":"\n<p>Za\u010diatok j\u00fana sa v&nbsp;organiz\u00e1ci\u00ed EurEau niesol v&nbsp;rokovan\u00ed komisie EU2 pre odpadov\u00e9 vody, ktor\u00e9 sa tentokr\u00e1t konalo v&nbsp;\u0161panielskom Bilbau. V&nbsp;d\u0148och 5.&nbsp;\u2013 6.&nbsp;6.&nbsp;2025 sa stretnutia osobne z\u00fa\u010dastnilo 34 z\u00e1stupcov komisie z&nbsp;20 \u0161t\u00e1tov Eur\u00f3py.<br>Rokovania sa z\u00fa\u010dastnili taktie\u017e z\u00e1stupcovia spolo\u010dnosti Consorcio de Aguas Bilbao Bizkaia, ktor\u00ed prev\u00e1dzkuj\u00fa vodohospod\u00e1rsku infra\u0161trukt\u00faru pre pribli\u017ene 1,1 mili\u00f3na obyvate\u013eov. Bola predstaven\u00e1 ich najv\u00e4\u010d\u0161ia \u010cOV EDAR de Galindo, ktor\u00e1 je projektovan\u00e1 na 1,5 mil. EO, s&nbsp;hydraulickou kapacitou 12 m<sup>3<\/sup>\/s&nbsp;(mechanick\u00fd stupe\u0148). Aktu\u00e1lne za\u0165a\u017eenie \u010cOV je na \u00farovni 2,7 m3\/s. \u010cistiare\u0148 je kon\u0161truovan\u00e1 ako mechanicko-biologick\u00e1 na \u00farovni sekund\u00e1rneho stup\u0148a, ke\u010f\u017ee t\u00e1to oblas\u0165 nespad\u00e1 pod klasifik\u00e1ciu citlivej oblasti. Prev\u00e1dzkovate\u013e avizoval v\u00fdznamn\u00e9 invest\u00edcie do segmentu kalov\u00e9ho hospod\u00e1rstva, terci\u00e1rneho a&nbsp;kvart\u00e9rneho \u010distenia v&nbsp;s\u00favislosti so schv\u00e1lenou smernicou o&nbsp;\u010disten\u00ed mestsk\u00fdch odpadov\u00fdch v\u00f4d.<br>Stretnutie pokra\u010dovalo zhrnut\u00edm situ\u00e1cie o&nbsp;aktu\u00e1lne prejedn\u00e1van\u00fdch legislat\u00edvnych n\u00e1vrhoch od Gari VIlla-Landa Sokolova zo sekretari\u00e1tu EurEau. I\u0161lo hlavne o:<\/p>\n\n\n\n<ul class=\"wp-block-list\">\n<li><em>Nariadenie reguluj\u00face \u00faniky plastov\u00fdch peliet,<\/em> ktor\u00e9 m\u00e1 prinies\u0165 zn\u00ed\u017eenie str\u00e1t plastov\u00fdch peliet a\u00a0zn\u00ed\u017ei\u0165 za\u0165a\u017eenie odpadov\u00fdch v\u00f4d mikroplastami<\/li>\n\n\n\n<li>Smernica o&nbsp;monitorovan\u00ed p\u00f4d<\/li>\n\n\n\n<li>Smernica o&nbsp;obmedzen\u00ed nebezpe\u010dn\u00fdch l\u00e1tok (t\u00fdka sa aj vod\u00e1renstva, konkr\u00e9tne UV l\u00e1mp s&nbsp;ortu\u0165ou)<\/li>\n\n\n\n<li><em>Nariadenie o\u00a0detergentoch<\/em>\u00a0\u2013 krit\u00e9rium biodegradability a\u00a0po\u017eiadavky na koncentr\u00e1ciu fosforu<\/li>\n\n\n\n<li><em>Nariadenie o\u00a0hnojiv\u00e1ch,<\/em> Nitr\u00e1tov\u00e1 smernica, smernica a\u00a0nariadenia o\u00a0cirkul\u00e1rnej ekonomike<\/li>\n\n\n\n<li><em>Bal\u00edk Omnibus Simplification I<\/em>\u00a0\u2013 t\u00e1to legislat\u00edva pozastavuje niektor\u00e9 povinnosti alebo lehoty v\u00a0r\u00e1mci vykazovania udr\u017eate\u013enosti, \u010do sa t\u00fdka aj niektor\u00fdch v\u00e4\u010d\u0161\u00edch vod\u00e1rensk\u00fdch spolo\u010dnost\u00ed na Slovensku<\/li>\n<\/ul>\n\n\n\n<p>Diskusia prebiehala aj k\u00a0t\u00e9me zverejnenej Strat\u00e9gi\u00ed vodnej odolnosti EU schv\u00e1lenej 4.\u00a06.\u00a02025, ktor\u00e1 podporuje zlep\u0161enie implement\u00e1cie vodnej legislat\u00edvy (Water Resilience Strategy). Strat\u00e9gia uv\u00e1dza investi\u010dn\u00fd dlh vo v\u00fd\u0161ke 23 mld. \u20ac, na druhej strane neobsahuje \u017eiadne konkr\u00e9tne opatrenia. Dokument nie je pr\u00e1vne z\u00e1v\u00e4zn\u00fd pre \u010dlensk\u00e9 \u0161t\u00e1ty EU.<br>Problematike EPR (Roz\u0161\u00edren\u00e1 zodpovednos\u0165 v\u00fdrobcov v\u00a0kozmetickom a\u00a0farmaceutickom priemysle) bol venovan\u00fd intenz\u00edvny dial\u00f3g z\u00a0d\u00f4vodu prebiehaj\u00facich s\u00fadnych procesov, kedy k\u00a07.\u00a03.\u00a02025 bolo evidovan\u00fdch 17 \u017eal\u00f4b proti smernici o\u00a0\u010disten\u00ed mestsk\u00fdch odpadov\u00fdch v\u00f4d. Medzi \u017ealobcov patria r\u00f4zne farmaceutick\u00e9 firmy, organiz\u00e1cie zdru\u017euj\u00face v\u00fdrobcov kozmetiky a\u00a0taktie\u017e Po\u013esk\u00e1 republika. V\u00fdhrady k\u00a0smernici maj\u00fa aj niektor\u00e9 \u010dlensk\u00e9 \u0161t\u00e1ty, medzi ktor\u00e9 patr\u00ed aj Slovensk\u00e1 republika. EurEau podnikla nieko\u013eko krokov na podporu tejto smernice, av\u0161ak st\u00e1le pretrv\u00e1va obava zo zru\u0161enia tejto smernice (EPR), pri zachovan\u00ed povinnosti kvart\u00e9rneho \u010distenia\u00a0\u2013 av\u0161ak bez pr\u00edspevku na investi\u010dn\u00e9, resp. prev\u00e1dzkov\u00e9 n\u00e1klady od zodpovedn\u00fdch producentov.<br>V\u00a0stretnut\u00ed sa pokra\u010dovalo zaraden\u00edm pr\u00edspevku \u0161panielskeho \u010dlena EurEau (DAQUAS\u00a0\u2013 Spanish Water and Waster association), ktor\u00fd bol zameran\u00fd na medi\u00e1lne zn\u00e1my pr\u00edpad rozsiahleho v\u00fdpadku elektrickej energie v\u00a0\u0160panielsku, ktor\u00fd nastal d\u0148a 18.\u00a04.\u00a02025 v\u00a0celom \u0160panielsku. Z\u00e1stupca asoci\u00e1cie venoval poh\u013ead na t\u00fato situ\u00e1ciu z\u00a0poh\u013eadu zabezpe\u010denia vod\u00e1renskej infra\u0161trukt\u00fary v\u00a0pr\u00edpade takejto kr\u00edzovej situ\u00e1cie a\u00a0zhrnul ponau\u010denia, ktor\u00e9 z\u00a0toho vyplynuli:<br><\/p>\n\n\n\n<ul class=\"wp-block-list\">\n<li>Probl\u00e9m \u010d.1: V\u00fdpadok \u0161tandardn\u00fdch komunika\u010dn\u00fdch n\u00e1strojov (mobiln\u00e9 siete, pevn\u00e9 linky, internet)<br>Rie\u0161enie: Z\u00e1lo\u017en\u00e9 komunika\u010dn\u00e9 kan\u00e1ly\u00a0\u2013 r\u00e1dioamat\u00e9rske vysielanie, TETRA siete<\/li>\n\n\n\n<li>Probl\u00e9m \u010d.2: V\u00fdpadok pre\u010derp\u00e1vac\u00edch stan\u00edc pitn\u00fdch a\u00a0odpadov\u00fdch v\u00f4d<br>Rie\u0161enie: Ma\u0165 okam\u017eite k\u00a0dispoz\u00edci\u00ed dostatok gener\u00e1torov a\u00a0z\u00e1soby paliva. Zv\u00fd\u0161i\u0165 energetick\u00fa sebesta\u010dnos\u0165 kritick\u00fdch objektov.<\/li>\n\n\n\n<li>Probl\u00e9m \u010d.3: Ch\u00fdbaj\u00faca spr\u00e1vna koordin\u00e1cia zamestnancov<br>Rie\u0161enie: Nutn\u00e1 pr\u00edprava a\u00a0testovanie kr\u00edzov\u00fdch protokolov a\u00a0postupov.<\/li>\n<\/ul>\n\n\n\n<p>\u010clenovia skupiny sa jednozna\u010dne zhodli, \u017ee na n\u00e1rodnej \u00farovni je nutn\u00e9 uzna\u0165 vodohospod\u00e1rsku infra\u0161trukt\u00faru za prioritn\u00fa a\u00a0kritick\u00fa s\u00fa\u010das\u0165 \u0161t\u00e1tu s\u00a0mo\u017enos\u0165ou okam\u017eit\u00e9ho vyhl\u00e1senia n\u00fadzov\u00e9ho stavu.<br>V\u00a0tematike regul\u00e1cie PFAS (per- a\u00a0polyfluorovan\u00fdch l\u00e1tok) prebieha diskusia na \u00farovni EU, kde je k\u013e\u00fa\u010dov\u00fdm n\u00e1vrhom z\u00e1kaz pou\u017e\u00edvania PFAS. O\u010dak\u00e1va sa postupn\u00e9 ukon\u010denie pou\u017e\u00edvania v\u00a0spotrebite\u013esk\u00fdch materi\u00e1loch. V\u00a0priemysle sa po\u010d\u00edta s\u00a0obmedzen\u00edm tam, kde existuje adekv\u00e1tna n\u00e1hrada. Eur\u00f3pske organiz\u00e1cie taktie\u017e h\u013eadaj\u00fa vhodn\u00fd environment\u00e1lny \u0161tandard kvality pre stanovenie PFAS.<br>\u010eal\u0161\u00edmi t\u00e9mami k\u00a0diskusii, v\u00a0druh\u00fd de\u0148 stretnutia, boli hlavne t\u00e9my pracovn\u00fdch skup\u00edn EU2 EurEau k\u00a0tematike revidovanej smernice o\u00a0\u010disten\u00ed mestsk\u00fdch odpadov\u00fdch v\u00f4d\u00a0\u2013 integrovan\u00e9 pl\u00e1ny nakladania s\u00a0odpadov\u00fdmi vodami (IUWWTP), individu\u00e1lne syst\u00e9my (IS), kvart\u00e9rne \u010distenie, roz\u0161\u00edren\u00e1 zodpovednos\u0165 v\u00fdrobcov (EPR), energetick\u00e1 neutralita a\u00a0sklen\u00edkov\u00e9 plyny (GHG) a\u00a0nakladanie s\u00a0kalmi. Jednotliv\u00e9 ad hoc skupiny vypracov\u00e1vaj\u00fa stanovisk\u00e1 a\u00a0n\u00e1vrhy k\u00a0najv\u00fdznamnej\u0161\u00edm delegovan\u00fdm a\u00a0vykon\u00e1vac\u00edm aktom, ktor\u00fa m\u00e1 Eur\u00f3pska komisia pr\u00e1vo definova\u0165 na z\u00e1klade tejto smernice.<br>Na konci stretnutia bola organizovan\u00e1 exkurzia prev\u00e1dzkovate\u013ea vodohospod\u00e1rskej infra\u0161trukt\u00fary v\u00a0regi\u00f3ne Bilbaa na jednu z\u00a0technicky a\u00a0architektonicky v\u00fdznamn\u00fdch vodohospod\u00e1rskych diel\u00a0\u2013 Sif\u00f3n de la Universidad. V\u00a0tomto technologickom uzle kanaliza\u010dnej siete sa po mechanickom pred\u010disten\u00ed (ktor\u00e9 je s\u00fa\u010das\u0165ou objektu) odpadov\u00e1 voda z\u00a0prav\u00e9ho brehu rieky Nervi\u00f3n pre\u010derp\u00e1va na \u013eav\u00fd breh pomocou dvoch zvisl\u00fdch \u0161\u00e1cht prepojen\u00fdch potrub\u00edm, ktor\u00e9 je veden\u00e9 pod riekou, na z\u00e1klade sif\u00f3nov\u00e9ho efektu, \u010do predstavuje energeticky efekt\u00edvny sp\u00f4sob \u010derpania odpadovej vody.<br>\u010eal\u0161ie zasadnutie EurEau, komisia EU2 odpadov\u00e9 vody, sa uskuto\u010dn\u00ed 23. a\u00a024. okt\u00f3bra 2025 v\u00a0nemeckom Berl\u00edne.<\/p>\n\n\n\n<figure class=\"wp-block-image size-large\"><img loading=\"lazy\" decoding=\"async\" width=\"1200\" height=\"1200\" src=\"https:\/\/www.vodarenskepohlady.sk\/wp-content\/uploads\/2025\/10\/sifon-03-2025-1200x1200.jpg\" alt=\"\" class=\"wp-image-3670\" srcset=\"https:\/\/www.vodarenskepohlady.sk\/wp-content\/uploads\/2025\/10\/sifon-03-2025-1200x1200.jpg 1200w, https:\/\/www.vodarenskepohlady.sk\/wp-content\/uploads\/2025\/10\/sifon-03-2025-500x500.jpg 500w, https:\/\/www.vodarenskepohlady.sk\/wp-content\/uploads\/2025\/10\/sifon-03-2025-300x300.jpg 300w, https:\/\/www.vodarenskepohlady.sk\/wp-content\/uploads\/2025\/10\/sifon-03-2025-768x768.jpg 768w, https:\/\/www.vodarenskepohlady.sk\/wp-content\/uploads\/2025\/10\/sifon-03-2025-1536x1536.jpg 1536w, https:\/\/www.vodarenskepohlady.sk\/wp-content\/uploads\/2025\/10\/sifon-03-2025-150x150.jpg 150w, https:\/\/www.vodarenskepohlady.sk\/wp-content\/uploads\/2025\/10\/sifon-03-2025-75x75.jpg 75w, https:\/\/www.vodarenskepohlady.sk\/wp-content\/uploads\/2025\/10\/sifon-03-2025-480x480.jpg 480w, https:\/\/www.vodarenskepohlady.sk\/wp-content\/uploads\/2025\/10\/sifon-03-2025.jpg 1920w\" sizes=\"auto, (max-width:767px) 480px, (max-width:1200px) 100vw, 1200px\" \/><figcaption class=\"wp-element-caption\">Sif\u00f3n de la Universidad, Bilbao<\/figcaption><\/figure>\n\n\n\n<p><br><strong>Ing. Dominik Kraf\u010d\u00edk,<br>Severoslovensk\u00e9 vod\u00e1rne a\u00a0kanaliz\u00e1cie, a.s.<br>Foto: arch\u00edv Ing. Dominika Kraf\u010d\u00edka<\/strong><\/p>\n","protected":false},"excerpt":{"rendered":"<p>Za\u010diatok j\u00fana sa v&nbsp;organiz\u00e1ci\u00ed EurEau niesol v&nbsp;rokovan\u00ed komisie EU2 pre odpadov\u00e9 vody, ktor\u00e9 sa tentokr\u00e1t konalo v&nbsp;\u0161panielskom Bilbau. V&nbsp;d\u0148och 5.&nbsp;\u2013 6.&nbsp;6.&nbsp;2025 sa stretnutia osobne z\u00fa\u010dastnilo 34<span class=\"excerpt-hellip\"> [\u2026]<\/span><\/p>\n","protected":false},"author":1,"featured_media":3670,"comment_status":"open","ping_status":"open","sticky":false,"template":"","format":"standard","meta":{"_monsterinsights_skip_tracking":false,"_monsterinsights_sitenote_active":false,"_monsterinsights_sitenote_note":"","_monsterinsights_sitenote_category":0,"footnotes":""},"categories":[18],"tags":[49,31],"class_list":["post-3669","post","type-post","status-publish","format-standard","has-post-thumbnail","hentry","category-avs-report","tag-03-2025","tag-avs"],"yoast_head":"<!-- This site is optimized with the Yoast SEO plugin v25.5 - https:\/\/yoast.com\/wordpress\/plugins\/seo\/ -->\n<title>Zasadnutie EurEau, komisia EU2 odpadov\u00e9 vody - Vod\u00e1rensk\u00e9 Poh\u013eady<\/title>\n<meta name=\"robots\" content=\"index, follow, max-snippet:-1, max-image-preview:large, max-video-preview:-1\" \/>\n<link rel=\"canonical\" href=\"https:\/\/www.vodarenskepohlady.sk\/?p=3669\" \/>\n<meta property=\"og:locale\" content=\"sk_SK\" \/>\n<meta property=\"og:type\" content=\"article\" \/>\n<meta property=\"og:title\" content=\"Zasadnutie EurEau, komisia EU2 odpadov\u00e9 vody - Vod\u00e1rensk\u00e9 Poh\u013eady\" \/>\n<meta property=\"og:description\" content=\"Za\u010diatok j\u00fana sa v&nbsp;organiz\u00e1ci\u00ed EurEau niesol v&nbsp;rokovan\u00ed komisie EU2 pre odpadov\u00e9 vody, ktor\u00e9 sa tentokr\u00e1t konalo v&nbsp;\u0161panielskom Bilbau. V&nbsp;d\u0148och 5.&nbsp;\u2013 6.&nbsp;6.&nbsp;2025 sa stretnutia osobne z\u00fa\u010dastnilo 34 [\u2026]\" \/>\n<meta property=\"og:url\" content=\"https:\/\/www.vodarenskepohlady.sk\/?p=3669\" \/>\n<meta property=\"og:site_name\" content=\"Vod\u00e1rensk\u00e9 Poh\u013eady\" \/>\n<meta property=\"article:published_time\" content=\"2025-10-30T15:09:34+00:00\" \/>\n<meta property=\"article:modified_time\" content=\"2025-10-30T15:13:25+00:00\" \/>\n<meta property=\"og:image\" content=\"https:\/\/www.vodarenskepohlady.sk\/wp-content\/uploads\/2025\/10\/sifon-03-2025.jpg\" \/>\n\t<meta property=\"og:image:width\" content=\"1920\" \/>\n\t<meta property=\"og:image:height\" content=\"1920\" \/>\n\t<meta property=\"og:image:type\" content=\"image\/jpeg\" \/>\n<meta name=\"author\" content=\"vodarenskepohlad\" \/>\n<meta name=\"twitter:card\" content=\"summary_large_image\" \/>\n<meta name=\"twitter:label1\" content=\"Autor\" \/>\n\t<meta name=\"twitter:data1\" content=\"vodarenskepohlad\" \/>\n\t<meta name=\"twitter:label2\" content=\"Predpokladan\u00fd \u010das \u010d\u00edtania\" \/>\n\t<meta name=\"twitter:data2\" content=\"5 min\u00fat\" \/>\n<script type=\"application\/ld+json\" class=\"yoast-schema-graph\">{\"@context\":\"https:\/\/schema.org\",\"@graph\":[{\"@type\":\"WebPage\",\"@id\":\"https:\/\/www.vodarenskepohlady.sk\/?p=3669\",\"url\":\"https:\/\/www.vodarenskepohlady.sk\/?p=3669\",\"name\":\"Zasadnutie EurEau, komisia EU2 odpadov\u00e9 vody - Vod\u00e1rensk\u00e9 Poh\u013eady\",\"isPartOf\":{\"@id\":\"https:\/\/www.vodarenskepohlady.sk\/#website\"},\"primaryImageOfPage\":{\"@id\":\"https:\/\/www.vodarenskepohlady.sk\/?p=3669#primaryimage\"},\"image\":{\"@id\":\"https:\/\/www.vodarenskepohlady.sk\/?p=3669#primaryimage\"},\"thumbnailUrl\":\"https:\/\/www.vodarenskepohlady.sk\/wp-content\/uploads\/2025\/10\/sifon-03-2025.jpg\",\"datePublished\":\"2025-10-30T15:09:34+00:00\",\"dateModified\":\"2025-10-30T15:13:25+00:00\",\"author\":{\"@id\":\"https:\/\/www.vodarenskepohlady.sk\/#\/schema\/person\/b0323457be19929ac24a7dfd05dd5e86\"},\"breadcrumb\":{\"@id\":\"https:\/\/www.vodarenskepohlady.sk\/?p=3669#breadcrumb\"},\"inLanguage\":\"sk-SK\",\"potentialAction\":[{\"@type\":\"ReadAction\",\"target\":[\"https:\/\/www.vodarenskepohlady.sk\/?p=3669\"]}]},{\"@type\":\"ImageObject\",\"inLanguage\":\"sk-SK\",\"@id\":\"https:\/\/www.vodarenskepohlady.sk\/?p=3669#primaryimage\",\"url\":\"https:\/\/www.vodarenskepohlady.sk\/wp-content\/uploads\/2025\/10\/sifon-03-2025.jpg\",\"contentUrl\":\"https:\/\/www.vodarenskepohlady.sk\/wp-content\/uploads\/2025\/10\/sifon-03-2025.jpg\",\"width\":1920,\"height\":1920},{\"@type\":\"BreadcrumbList\",\"@id\":\"https:\/\/www.vodarenskepohlady.sk\/?p=3669#breadcrumb\",\"itemListElement\":[{\"@type\":\"ListItem\",\"position\":1,\"name\":\"Home\",\"item\":\"https:\/\/www.vodarenskepohlady.sk\/\"},{\"@type\":\"ListItem\",\"position\":2,\"name\":\"Zasadnutie EurEau, komisia EU2 odpadov\u00e9 vody\"}]},{\"@type\":\"WebSite\",\"@id\":\"https:\/\/www.vodarenskepohlady.sk\/#website\",\"url\":\"https:\/\/www.vodarenskepohlady.sk\/\",\"name\":\"Vod\u00e1rensk\u00e9 Poh\u013eady\",\"description\":\"\",\"potentialAction\":[{\"@type\":\"SearchAction\",\"target\":{\"@type\":\"EntryPoint\",\"urlTemplate\":\"https:\/\/www.vodarenskepohlady.sk\/?s={search_term_string}\"},\"query-input\":{\"@type\":\"PropertyValueSpecification\",\"valueRequired\":true,\"valueName\":\"search_term_string\"}}],\"inLanguage\":\"sk-SK\"},{\"@type\":\"Person\",\"@id\":\"https:\/\/www.vodarenskepohlady.sk\/#\/schema\/person\/b0323457be19929ac24a7dfd05dd5e86\",\"name\":\"vodarenskepohlad\",\"image\":{\"@type\":\"ImageObject\",\"inLanguage\":\"sk-SK\",\"@id\":\"https:\/\/www.vodarenskepohlady.sk\/#\/schema\/person\/image\/\",\"url\":\"https:\/\/secure.gravatar.com\/avatar\/96a89b7f123b4e155c2498f82e087269?s=96&d=mm&r=g\",\"contentUrl\":\"https:\/\/secure.gravatar.com\/avatar\/96a89b7f123b4e155c2498f82e087269?s=96&d=mm&r=g\",\"caption\":\"vodarenskepohlad\"},\"sameAs\":[\"https:\/\/www.vodarenskepohlady.sk\"],\"url\":\"https:\/\/www.vodarenskepohlady.sk\/?author=1\"}]}<\/script>\n<!-- \/ Yoast SEO plugin. -->","yoast_head_json":{"title":"Zasadnutie EurEau, komisia EU2 odpadov\u00e9 vody - Vod\u00e1rensk\u00e9 Poh\u013eady","robots":{"index":"index","follow":"follow","max-snippet":"max-snippet:-1","max-image-preview":"max-image-preview:large","max-video-preview":"max-video-preview:-1"},"canonical":"https:\/\/www.vodarenskepohlady.sk\/?p=3669","og_locale":"sk_SK","og_type":"article","og_title":"Zasadnutie EurEau, komisia EU2 odpadov\u00e9 vody - Vod\u00e1rensk\u00e9 Poh\u013eady","og_description":"Za\u010diatok j\u00fana sa v&nbsp;organiz\u00e1ci\u00ed EurEau niesol v&nbsp;rokovan\u00ed komisie EU2 pre odpadov\u00e9 vody, ktor\u00e9 sa tentokr\u00e1t konalo v&nbsp;\u0161panielskom Bilbau. V&nbsp;d\u0148och 5.&nbsp;\u2013 6.&nbsp;6.&nbsp;2025 sa stretnutia osobne z\u00fa\u010dastnilo 34 [\u2026]","og_url":"https:\/\/www.vodarenskepohlady.sk\/?p=3669","og_site_name":"Vod\u00e1rensk\u00e9 Poh\u013eady","article_published_time":"2025-10-30T15:09:34+00:00","article_modified_time":"2025-10-30T15:13:25+00:00","og_image":[{"width":1920,"height":1920,"url":"https:\/\/www.vodarenskepohlady.sk\/wp-content\/uploads\/2025\/10\/sifon-03-2025.jpg","type":"image\/jpeg"}],"author":"vodarenskepohlad","twitter_card":"summary_large_image","twitter_misc":{"Autor":"vodarenskepohlad","Predpokladan\u00fd \u010das \u010d\u00edtania":"5 min\u00fat"},"schema":{"@context":"https:\/\/schema.org","@graph":[{"@type":"WebPage","@id":"https:\/\/www.vodarenskepohlady.sk\/?p=3669","url":"https:\/\/www.vodarenskepohlady.sk\/?p=3669","name":"Zasadnutie EurEau, komisia EU2 odpadov\u00e9 vody - Vod\u00e1rensk\u00e9 Poh\u013eady","isPartOf":{"@id":"https:\/\/www.vodarenskepohlady.sk\/#website"},"primaryImageOfPage":{"@id":"https:\/\/www.vodarenskepohlady.sk\/?p=3669#primaryimage"},"image":{"@id":"https:\/\/www.vodarenskepohlady.sk\/?p=3669#primaryimage"},"thumbnailUrl":"https:\/\/www.vodarenskepohlady.sk\/wp-content\/uploads\/2025\/10\/sifon-03-2025.jpg","datePublished":"2025-10-30T15:09:34+00:00","dateModified":"2025-10-30T15:13:25+00:00","author":{"@id":"https:\/\/www.vodarenskepohlady.sk\/#\/schema\/person\/b0323457be19929ac24a7dfd05dd5e86"},"breadcrumb":{"@id":"https:\/\/www.vodarenskepohlady.sk\/?p=3669#breadcrumb"},"inLanguage":"sk-SK","potentialAction":[{"@type":"ReadAction","target":["https:\/\/www.vodarenskepohlady.sk\/?p=3669"]}]},{"@type":"ImageObject","inLanguage":"sk-SK","@id":"https:\/\/www.vodarenskepohlady.sk\/?p=3669#primaryimage","url":"https:\/\/www.vodarenskepohlady.sk\/wp-content\/uploads\/2025\/10\/sifon-03-2025.jpg","contentUrl":"https:\/\/www.vodarenskepohlady.sk\/wp-content\/uploads\/2025\/10\/sifon-03-2025.jpg","width":1920,"height":1920},{"@type":"BreadcrumbList","@id":"https:\/\/www.vodarenskepohlady.sk\/?p=3669#breadcrumb","itemListElement":[{"@type":"ListItem","position":1,"name":"Home","item":"https:\/\/www.vodarenskepohlady.sk\/"},{"@type":"ListItem","position":2,"name":"Zasadnutie EurEau, komisia EU2 odpadov\u00e9 vody"}]},{"@type":"WebSite","@id":"https:\/\/www.vodarenskepohlady.sk\/#website","url":"https:\/\/www.vodarenskepohlady.sk\/","name":"Vod\u00e1rensk\u00e9 Poh\u013eady","description":"","potentialAction":[{"@type":"SearchAction","target":{"@type":"EntryPoint","urlTemplate":"https:\/\/www.vodarenskepohlady.sk\/?s={search_term_string}"},"query-input":{"@type":"PropertyValueSpecification","valueRequired":true,"valueName":"search_term_string"}}],"inLanguage":"sk-SK"},{"@type":"Person","@id":"https:\/\/www.vodarenskepohlady.sk\/#\/schema\/person\/b0323457be19929ac24a7dfd05dd5e86","name":"vodarenskepohlad","image":{"@type":"ImageObject","inLanguage":"sk-SK","@id":"https:\/\/www.vodarenskepohlady.sk\/#\/schema\/person\/image\/","url":"https:\/\/secure.gravatar.com\/avatar\/96a89b7f123b4e155c2498f82e087269?s=96&d=mm&r=g","contentUrl":"https:\/\/secure.gravatar.com\/avatar\/96a89b7f123b4e155c2498f82e087269?s=96&d=mm&r=g","caption":"vodarenskepohlad"},"sameAs":["https:\/\/www.vodarenskepohlady.sk"],"url":"https:\/\/www.vodarenskepohlady.sk\/?author=1"}]}},"_links":{"self":[{"href":"https:\/\/www.vodarenskepohlady.sk\/index.php?rest_route=\/wp\/v2\/posts\/3669","targetHints":{"allow":["GET"]}}],"collection":[{"href":"https:\/\/www.vodarenskepohlady.sk\/index.php?rest_route=\/wp\/v2\/posts"}],"about":[{"href":"https:\/\/www.vodarenskepohlady.sk\/index.php?rest_route=\/wp\/v2\/types\/post"}],"author":[{"embeddable":true,"href":"https:\/\/www.vodarenskepohlady.sk\/index.php?rest_route=\/wp\/v2\/users\/1"}],"replies":[{"embeddable":true,"href":"https:\/\/www.vodarenskepohlady.sk\/index.php?rest_route=%2Fwp%2Fv2%2Fcomments&post=3669"}],"version-history":[{"count":2,"href":"https:\/\/www.vodarenskepohlady.sk\/index.php?rest_route=\/wp\/v2\/posts\/3669\/revisions"}],"predecessor-version":[{"id":3673,"href":"https:\/\/www.vodarenskepohlady.sk\/index.php?rest_route=\/wp\/v2\/posts\/3669\/revisions\/3673"}],"wp:featuredmedia":[{"embeddable":true,"href":"https:\/\/www.vodarenskepohlady.sk\/index.php?rest_route=\/wp\/v2\/media\/3670"}],"wp:attachment":[{"href":"https:\/\/www.vodarenskepohlady.sk\/index.php?rest_route=%2Fwp%2Fv2%2Fmedia&parent=3669"}],"wp:term":[{"taxonomy":"category","embeddable":true,"href":"https:\/\/www.vodarenskepohlady.sk\/index.php?rest_route=%2Fwp%2Fv2%2Fcategories&post=3669"},{"taxonomy":"post_tag","embeddable":true,"href":"https:\/\/www.vodarenskepohlady.sk\/index.php?rest_route=%2Fwp%2Fv2%2Ftags&post=3669"}],"curies":[{"name":"wp","href":"https:\/\/api.w.org\/{rel}","templated":true}]}}