{"id":3420,"date":"2025-07-30T08:41:31","date_gmt":"2025-07-30T06:41:31","guid":{"rendered":"https:\/\/www.vodarenskepohlady.sk\/?p=3420"},"modified":"2025-08-11T09:09:26","modified_gmt":"2025-08-11T07:09:26","slug":"voda-v-centre-pozornosti-svetovy-den-vody-spojil-deti-aj-dospelych","status":"publish","type":"post","link":"https:\/\/www.vodarenskepohlady.sk\/?p=3420","title":{"rendered":"Voda v\u00a0centre pozornosti: Svetov\u00fd de\u0148 vody spojil deti aj dospel\u00fdch"},"content":{"rendered":"<div class=\"wp-block-image\">\n<figure class=\"alignleft size-full is-resized\"><img loading=\"lazy\" decoding=\"async\" width=\"488\" height=\"366\" src=\"https:\/\/www.vodarenskepohlady.sk\/wp-content\/uploads\/2024\/08\/VVS.png\" alt=\"\" class=\"wp-image-2550\" style=\"width:150px\" srcset=\"https:\/\/www.vodarenskepohlady.sk\/wp-content\/uploads\/2024\/08\/VVS.png 488w, https:\/\/www.vodarenskepohlady.sk\/wp-content\/uploads\/2024\/08\/VVS-300x225.png 300w, https:\/\/www.vodarenskepohlady.sk\/wp-content\/uploads\/2024\/08\/VVS-100x75.png 100w, https:\/\/www.vodarenskepohlady.sk\/wp-content\/uploads\/2024\/08\/VVS-480x360.png 480w\" sizes=\"auto, (max-width:767px) 480px, 488px\" \/><\/figure><\/div>\n\n\n<p>Ka\u017edoro\u010dne 22. marca si svet pripom\u00edna v\u00fdznam vody ako k\u013e\u00fa\u010dov\u00e9ho pr\u00edrodn\u00e9ho zdroja. V&nbsp;roku 2025 sa Svetov\u00fd de\u0148 vody zameral najm\u00e4 na ochranu \u013eadovcov&nbsp;\u2013 nevidite\u013en\u00fdch z\u00e1sob\u00e1rn\u00ed vody, ktor\u00e9 maj\u00fa z\u00e1sadn\u00fd v\u00fdznam pre na\u0161u bud\u00facnos\u0165.<br>Slovensko patr\u00ed medzi krajiny s&nbsp;najkvalitnej\u0161ou pitnou vodou na svete, no viac ako dve miliardy \u013eud\u00ed tento luxus nemaj\u00fa. Aj preto sa V\u00fdchodoslovensk\u00e1 vod\u00e1rensk\u00e1 spolo\u010dnos\u0165, a.s. rozhodla pripravi\u0165 s\u00e9riu s\u00fa\u0165a\u017e\u00ed pod n\u00e1zvom \u201eVODOVODN\u00c1&nbsp;\u2013 \u017dIV\u00c1 VODA\u201c, ktor\u00e9 spojili osvetu s&nbsp;kreativitou a&nbsp;z\u00e1bavou.<\/p>\n\n\n\n<h2 class=\"wp-block-heading\">Deti v hlavnej \u00falohe<\/h2>\n\n\n\n<figure class=\"wp-block-image size-large\"><img loading=\"lazy\" decoding=\"async\" width=\"1200\" height=\"900\" src=\"https:\/\/www.vodarenskepohlady.sk\/wp-content\/uploads\/2025\/07\/IMG_4653-1200x900.jpg\" alt=\"\" class=\"wp-image-3421\" srcset=\"https:\/\/www.vodarenskepohlady.sk\/wp-content\/uploads\/2025\/07\/IMG_4653-1200x900.jpg 1200w, https:\/\/www.vodarenskepohlady.sk\/wp-content\/uploads\/2025\/07\/IMG_4653-500x375.jpg 500w, https:\/\/www.vodarenskepohlady.sk\/wp-content\/uploads\/2025\/07\/IMG_4653-300x225.jpg 300w, https:\/\/www.vodarenskepohlady.sk\/wp-content\/uploads\/2025\/07\/IMG_4653-768x576.jpg 768w, https:\/\/www.vodarenskepohlady.sk\/wp-content\/uploads\/2025\/07\/IMG_4653-1536x1152.jpg 1536w, https:\/\/www.vodarenskepohlady.sk\/wp-content\/uploads\/2025\/07\/IMG_4653-2048x1536.jpg 2048w, https:\/\/www.vodarenskepohlady.sk\/wp-content\/uploads\/2025\/07\/IMG_4653-100x75.jpg 100w, https:\/\/www.vodarenskepohlady.sk\/wp-content\/uploads\/2025\/07\/IMG_4653-480x360.jpg 480w\" sizes=\"auto, (max-width:767px) 480px, (max-width:1200px) 100vw, 1200px\" \/><\/figure>\n\n\n\n<p>Pre \u017eiakov 1. stup\u0148a z\u00e1kladn\u00fdch \u0161k\u00f4l bola vyhl\u00e1sen\u00e1 v\u00fdtvarn\u00e1 s\u00fa\u0165a\u017e \u201eLeporelo VODOVODN\u00c1 &#8211; \u017dIV\u00c1 VODA\u201c, ktor\u00e1 prepojila rozpr\u00e1vku o&nbsp;\u017eivej vode s&nbsp;v\u00fdtvarn\u00fdm umen\u00edm. Do fin\u00e1le post\u00fapilo 5 tried a&nbsp;o&nbsp;v\u00ed\u0165azoch rozhodla verejnos\u0165 na Instagrame. Odmenou im bola nielen rados\u0165 z&nbsp;\u00faspechu, ale aj exkurzia do M\u00fazea vody v&nbsp;Michalovciach.<\/p>\n\n\n\n<p>Star\u0161\u00ed \u017eiaci z&nbsp;druh\u00e9ho stup\u0148a a&nbsp;osemro\u010dn\u00fdch gymn\u00e1zi\u00ed vytv\u00e1rali plag\u00e1ty so siln\u00fdmi sloganmi, ktor\u00e9 motivovali k&nbsp;pitnej vode ako s\u00fa\u010dasti zdrav\u00e9ho \u017eivotn\u00e9ho \u0161t\u00fdlu. Aj v&nbsp;tejto kateg\u00f3rii rozhodovalo online hlasovanie a&nbsp;odmenou pre v\u00ed\u0165azn\u00fa triedu bola okrem bal\u00ed\u010dka atrakt\u00edvnych merch produktov aj eduka\u010dn\u00e1 exkurzia v&nbsp;Environment\u00e1lnom vzdel\u00e1vacom zariaden\u00ed v&nbsp;Michalovciach. Kr\u00e1sne ceny v\u0161ak dostali \u017eiaci na prv\u00fdch 5tich miestach.<\/p>\n\n\n\n<h2 class=\"wp-block-heading\">Z\u00e1bava aj na soci\u00e1lnych sie\u0165ach<\/h2>\n\n\n\n<p>S\u00fa\u0165a\u017ee neobi\u0161li ani soci\u00e1lne siete. Instagram pon\u00fakol z\u00e1bavn\u00e9 kv\u00edzy s&nbsp;cenami v&nbsp;podobe bal\u00ed\u010dkov merch produktov, zatia\u013e \u010do na Facebooku sa \u013eudia zap\u00e1jali do testu \u201e\u010co verejn\u00e1 kanaliz\u00e1cia nezvl\u00e1dne\u201c&nbsp;\u2013 jednoduch\u00fd, ale d\u00f4le\u017eit\u00fd sp\u00f4sob, ako \u0161\u00edri\u0165 inform\u00e1cie o&nbsp;ochrane vody v&nbsp;dom\u00e1cnosti.<\/p>\n\n\n\n<h2 class=\"wp-block-heading\">V\u00fdsledok? Spolo\u010dn\u00e1 in\u0161pir\u00e1cia<\/h2>\n\n\n\n<p>Reakcie verejnosti, u\u010dite\u013eov a&nbsp;det\u00ed pred\u010dili o\u010dak\u00e1vania organiz\u00e1torov. S\u00fa\u0165a\u017e uk\u00e1zala, \u017ee voda nie je len odborn\u00e1 t\u00e9ma, ale spolo\u010dn\u00e1 v\u00fdzva pre v\u0161etk\u00fdch. Svetov\u00fd de\u0148 vody 2025 tak zanechal nielen pozit\u00edvnu stopu, ale aj siln\u00fd odkaz&nbsp;\u2013 \u017ee ka\u017ed\u00fd z&nbsp;n\u00e1s m\u00f4\u017ee prispie\u0165 k&nbsp;ochrane tejto vz\u00e1cnej tekutiny. <\/p>\n\n\n\n<h2 class=\"wp-block-heading\">VVS, a.s. op\u00e4\u0165 testovala vodu zo studn\u00ed<\/h2>\n\n\n\n<figure class=\"wp-block-image size-large\"><img loading=\"lazy\" decoding=\"async\" width=\"1200\" height=\"800\" src=\"https:\/\/www.vodarenskepohlady.sk\/wp-content\/uploads\/2025\/07\/sdv-vzorky-2025-IMG_5150-1200x800.jpg\" alt=\"\" class=\"wp-image-3422\" srcset=\"https:\/\/www.vodarenskepohlady.sk\/wp-content\/uploads\/2025\/07\/sdv-vzorky-2025-IMG_5150-1200x800.jpg 1200w, https:\/\/www.vodarenskepohlady.sk\/wp-content\/uploads\/2025\/07\/sdv-vzorky-2025-IMG_5150-500x333.jpg 500w, https:\/\/www.vodarenskepohlady.sk\/wp-content\/uploads\/2025\/07\/sdv-vzorky-2025-IMG_5150-300x200.jpg 300w, https:\/\/www.vodarenskepohlady.sk\/wp-content\/uploads\/2025\/07\/sdv-vzorky-2025-IMG_5150-768x512.jpg 768w, https:\/\/www.vodarenskepohlady.sk\/wp-content\/uploads\/2025\/07\/sdv-vzorky-2025-IMG_5150-1536x1024.jpg 1536w, https:\/\/www.vodarenskepohlady.sk\/wp-content\/uploads\/2025\/07\/sdv-vzorky-2025-IMG_5150-2048x1366.jpg 2048w, https:\/\/www.vodarenskepohlady.sk\/wp-content\/uploads\/2025\/07\/sdv-vzorky-2025-IMG_5150-112x75.jpg 112w, https:\/\/www.vodarenskepohlady.sk\/wp-content\/uploads\/2025\/07\/sdv-vzorky-2025-IMG_5150-480x320.jpg 480w\" sizes=\"auto, (max-width:767px) 480px, (max-width:1200px) 100vw, 1200px\" \/><\/figure>\n\n\n\n<p>Pri pr\u00edle\u017eitosti Svetov\u00e9ho d\u0148a vody pon\u00fakla VVS, a.s. bezplatn\u00fa anal\u00fdzu vzoriek vody z&nbsp;domov\u00fdch studn\u00ed so zameran\u00edm na dusi\u010dnany. Otestovalo sa 1153 vzoriek, pri\u010dom a\u017e 308 (26,7 %) prekro\u010dilo povolen\u00fd limit 50 mg\/l. Naj\u010dastej\u0161ie sa vyskytovali hodnoty medzi 50\u2013100 mg\/l, no v&nbsp;20 pr\u00edpadoch dosiahli a\u017e 500 mg\/l. Najviac nevyhovuj\u00facich vzoriek bolo z&nbsp;okresov Trebi\u0161ov, Vranov nad Top\u013eou a&nbsp;Svidn\u00edk. Voda zo studn\u00ed nie je pod pravidelnou kontrolou, a&nbsp;preto predstavuje zv\u00fd\u0161en\u00e9 riziko kontamin\u00e1cie, najm\u00e4 z&nbsp;d\u00f4vodu hnojenia alebo \u00fanikov zo septikov. Dusi\u010dnany sa m\u00f4\u017eu meni\u0165 na zdraviu \u0161kodliv\u00e9 l\u00e1tky. VVS, a.s. touto iniciat\u00edvou upozor\u0148uje na v\u00fdznam prevencie a&nbsp;zodpovedn\u00e9ho vyu\u017e\u00edvania individu\u00e1lnych zdrojov vody.<br><strong>Adriana B\u00e1lintov\u00e1, Linda \u0160najd\u00e1rov\u00e1<br>Foto: arch\u00edv redakci<\/strong><\/p>\n","protected":false},"excerpt":{"rendered":"<p>Ka\u017edoro\u010dne 22. marca si svet pripom\u00edna v\u00fdznam vody ako k\u013e\u00fa\u010dov\u00e9ho pr\u00edrodn\u00e9ho zdroja. V&nbsp;roku 2025 sa Svetov\u00fd de\u0148 vody zameral najm\u00e4 na ochranu \u013eadovcov&nbsp;\u2013 nevidite\u013en\u00fdch z\u00e1sob\u00e1rn\u00ed vody,<span class=\"excerpt-hellip\"> [\u2026]<\/span><\/p>\n","protected":false},"author":1,"featured_media":3422,"comment_status":"open","ping_status":"open","sticky":false,"template":"","format":"standard","meta":{"_monsterinsights_skip_tracking":false,"_monsterinsights_sitenote_active":false,"_monsterinsights_sitenote_note":"","_monsterinsights_sitenote_category":0,"footnotes":""},"categories":[14],"tags":[44,34,21],"class_list":["post-3420","post","type-post","status-publish","format-standard","has-post-thumbnail","hentry","category-co-je-nove","tag-02-2025","tag-co-je-nove","tag-vvs"],"yoast_head":"<!-- This site is optimized with the Yoast SEO plugin v25.5 - https:\/\/yoast.com\/wordpress\/plugins\/seo\/ -->\n<title>Voda v\u00a0centre pozornosti: Svetov\u00fd de\u0148 vody spojil deti aj dospel\u00fdch - Vod\u00e1rensk\u00e9 Poh\u013eady<\/title>\n<meta name=\"robots\" content=\"index, follow, max-snippet:-1, max-image-preview:large, max-video-preview:-1\" \/>\n<link rel=\"canonical\" href=\"https:\/\/www.vodarenskepohlady.sk\/?p=3420\" \/>\n<meta property=\"og:locale\" content=\"sk_SK\" \/>\n<meta property=\"og:type\" content=\"article\" \/>\n<meta property=\"og:title\" content=\"Voda v\u00a0centre pozornosti: Svetov\u00fd de\u0148 vody spojil deti aj dospel\u00fdch - Vod\u00e1rensk\u00e9 Poh\u013eady\" \/>\n<meta property=\"og:description\" content=\"Ka\u017edoro\u010dne 22. marca si svet pripom\u00edna v\u00fdznam vody ako k\u013e\u00fa\u010dov\u00e9ho pr\u00edrodn\u00e9ho zdroja. V&nbsp;roku 2025 sa Svetov\u00fd de\u0148 vody zameral najm\u00e4 na ochranu \u013eadovcov&nbsp;\u2013 nevidite\u013en\u00fdch z\u00e1sob\u00e1rn\u00ed vody, [\u2026]\" \/>\n<meta property=\"og:url\" content=\"https:\/\/www.vodarenskepohlady.sk\/?p=3420\" \/>\n<meta property=\"og:site_name\" content=\"Vod\u00e1rensk\u00e9 Poh\u013eady\" \/>\n<meta property=\"article:published_time\" content=\"2025-07-30T06:41:31+00:00\" \/>\n<meta property=\"article:modified_time\" content=\"2025-08-11T07:09:26+00:00\" \/>\n<meta property=\"og:image\" content=\"https:\/\/www.vodarenskepohlady.sk\/wp-content\/uploads\/2025\/07\/sdv-vzorky-2025-IMG_5150.jpg\" \/>\n\t<meta property=\"og:image:width\" content=\"2560\" \/>\n\t<meta property=\"og:image:height\" content=\"1707\" \/>\n\t<meta property=\"og:image:type\" content=\"image\/jpeg\" \/>\n<meta name=\"author\" content=\"vodarenskepohlad\" \/>\n<meta name=\"twitter:card\" content=\"summary_large_image\" \/>\n<meta name=\"twitter:label1\" content=\"Autor\" \/>\n\t<meta name=\"twitter:data1\" content=\"vodarenskepohlad\" \/>\n\t<meta name=\"twitter:label2\" content=\"Predpokladan\u00fd \u010das \u010d\u00edtania\" \/>\n\t<meta name=\"twitter:data2\" content=\"3 min\u00faty\" \/>\n<script type=\"application\/ld+json\" class=\"yoast-schema-graph\">{\"@context\":\"https:\/\/schema.org\",\"@graph\":[{\"@type\":\"WebPage\",\"@id\":\"https:\/\/www.vodarenskepohlady.sk\/?p=3420\",\"url\":\"https:\/\/www.vodarenskepohlady.sk\/?p=3420\",\"name\":\"Voda v\u00a0centre pozornosti: Svetov\u00fd de\u0148 vody spojil deti aj dospel\u00fdch - Vod\u00e1rensk\u00e9 Poh\u013eady\",\"isPartOf\":{\"@id\":\"https:\/\/www.vodarenskepohlady.sk\/#website\"},\"primaryImageOfPage\":{\"@id\":\"https:\/\/www.vodarenskepohlady.sk\/?p=3420#primaryimage\"},\"image\":{\"@id\":\"https:\/\/www.vodarenskepohlady.sk\/?p=3420#primaryimage\"},\"thumbnailUrl\":\"https:\/\/www.vodarenskepohlady.sk\/wp-content\/uploads\/2025\/07\/sdv-vzorky-2025-IMG_5150.jpg\",\"datePublished\":\"2025-07-30T06:41:31+00:00\",\"dateModified\":\"2025-08-11T07:09:26+00:00\",\"author\":{\"@id\":\"https:\/\/www.vodarenskepohlady.sk\/#\/schema\/person\/b0323457be19929ac24a7dfd05dd5e86\"},\"breadcrumb\":{\"@id\":\"https:\/\/www.vodarenskepohlady.sk\/?p=3420#breadcrumb\"},\"inLanguage\":\"sk-SK\",\"potentialAction\":[{\"@type\":\"ReadAction\",\"target\":[\"https:\/\/www.vodarenskepohlady.sk\/?p=3420\"]}]},{\"@type\":\"ImageObject\",\"inLanguage\":\"sk-SK\",\"@id\":\"https:\/\/www.vodarenskepohlady.sk\/?p=3420#primaryimage\",\"url\":\"https:\/\/www.vodarenskepohlady.sk\/wp-content\/uploads\/2025\/07\/sdv-vzorky-2025-IMG_5150.jpg\",\"contentUrl\":\"https:\/\/www.vodarenskepohlady.sk\/wp-content\/uploads\/2025\/07\/sdv-vzorky-2025-IMG_5150.jpg\",\"width\":2560,\"height\":1707},{\"@type\":\"BreadcrumbList\",\"@id\":\"https:\/\/www.vodarenskepohlady.sk\/?p=3420#breadcrumb\",\"itemListElement\":[{\"@type\":\"ListItem\",\"position\":1,\"name\":\"Home\",\"item\":\"https:\/\/www.vodarenskepohlady.sk\/\"},{\"@type\":\"ListItem\",\"position\":2,\"name\":\"Voda v\u00a0centre pozornosti: Svetov\u00fd de\u0148 vody spojil deti aj dospel\u00fdch\"}]},{\"@type\":\"WebSite\",\"@id\":\"https:\/\/www.vodarenskepohlady.sk\/#website\",\"url\":\"https:\/\/www.vodarenskepohlady.sk\/\",\"name\":\"Vod\u00e1rensk\u00e9 Poh\u013eady\",\"description\":\"\",\"potentialAction\":[{\"@type\":\"SearchAction\",\"target\":{\"@type\":\"EntryPoint\",\"urlTemplate\":\"https:\/\/www.vodarenskepohlady.sk\/?s={search_term_string}\"},\"query-input\":{\"@type\":\"PropertyValueSpecification\",\"valueRequired\":true,\"valueName\":\"search_term_string\"}}],\"inLanguage\":\"sk-SK\"},{\"@type\":\"Person\",\"@id\":\"https:\/\/www.vodarenskepohlady.sk\/#\/schema\/person\/b0323457be19929ac24a7dfd05dd5e86\",\"name\":\"vodarenskepohlad\",\"image\":{\"@type\":\"ImageObject\",\"inLanguage\":\"sk-SK\",\"@id\":\"https:\/\/www.vodarenskepohlady.sk\/#\/schema\/person\/image\/\",\"url\":\"https:\/\/secure.gravatar.com\/avatar\/96a89b7f123b4e155c2498f82e087269?s=96&d=mm&r=g\",\"contentUrl\":\"https:\/\/secure.gravatar.com\/avatar\/96a89b7f123b4e155c2498f82e087269?s=96&d=mm&r=g\",\"caption\":\"vodarenskepohlad\"},\"sameAs\":[\"https:\/\/www.vodarenskepohlady.sk\"],\"url\":\"https:\/\/www.vodarenskepohlady.sk\/?author=1\"}]}<\/script>\n<!-- \/ Yoast SEO plugin. -->","yoast_head_json":{"title":"Voda v\u00a0centre pozornosti: Svetov\u00fd de\u0148 vody spojil deti aj dospel\u00fdch - Vod\u00e1rensk\u00e9 Poh\u013eady","robots":{"index":"index","follow":"follow","max-snippet":"max-snippet:-1","max-image-preview":"max-image-preview:large","max-video-preview":"max-video-preview:-1"},"canonical":"https:\/\/www.vodarenskepohlady.sk\/?p=3420","og_locale":"sk_SK","og_type":"article","og_title":"Voda v\u00a0centre pozornosti: Svetov\u00fd de\u0148 vody spojil deti aj dospel\u00fdch - Vod\u00e1rensk\u00e9 Poh\u013eady","og_description":"Ka\u017edoro\u010dne 22. marca si svet pripom\u00edna v\u00fdznam vody ako k\u013e\u00fa\u010dov\u00e9ho pr\u00edrodn\u00e9ho zdroja. V&nbsp;roku 2025 sa Svetov\u00fd de\u0148 vody zameral najm\u00e4 na ochranu \u013eadovcov&nbsp;\u2013 nevidite\u013en\u00fdch z\u00e1sob\u00e1rn\u00ed vody, [\u2026]","og_url":"https:\/\/www.vodarenskepohlady.sk\/?p=3420","og_site_name":"Vod\u00e1rensk\u00e9 Poh\u013eady","article_published_time":"2025-07-30T06:41:31+00:00","article_modified_time":"2025-08-11T07:09:26+00:00","og_image":[{"width":2560,"height":1707,"url":"https:\/\/www.vodarenskepohlady.sk\/wp-content\/uploads\/2025\/07\/sdv-vzorky-2025-IMG_5150.jpg","type":"image\/jpeg"}],"author":"vodarenskepohlad","twitter_card":"summary_large_image","twitter_misc":{"Autor":"vodarenskepohlad","Predpokladan\u00fd \u010das \u010d\u00edtania":"3 min\u00faty"},"schema":{"@context":"https:\/\/schema.org","@graph":[{"@type":"WebPage","@id":"https:\/\/www.vodarenskepohlady.sk\/?p=3420","url":"https:\/\/www.vodarenskepohlady.sk\/?p=3420","name":"Voda v\u00a0centre pozornosti: Svetov\u00fd de\u0148 vody spojil deti aj dospel\u00fdch - Vod\u00e1rensk\u00e9 Poh\u013eady","isPartOf":{"@id":"https:\/\/www.vodarenskepohlady.sk\/#website"},"primaryImageOfPage":{"@id":"https:\/\/www.vodarenskepohlady.sk\/?p=3420#primaryimage"},"image":{"@id":"https:\/\/www.vodarenskepohlady.sk\/?p=3420#primaryimage"},"thumbnailUrl":"https:\/\/www.vodarenskepohlady.sk\/wp-content\/uploads\/2025\/07\/sdv-vzorky-2025-IMG_5150.jpg","datePublished":"2025-07-30T06:41:31+00:00","dateModified":"2025-08-11T07:09:26+00:00","author":{"@id":"https:\/\/www.vodarenskepohlady.sk\/#\/schema\/person\/b0323457be19929ac24a7dfd05dd5e86"},"breadcrumb":{"@id":"https:\/\/www.vodarenskepohlady.sk\/?p=3420#breadcrumb"},"inLanguage":"sk-SK","potentialAction":[{"@type":"ReadAction","target":["https:\/\/www.vodarenskepohlady.sk\/?p=3420"]}]},{"@type":"ImageObject","inLanguage":"sk-SK","@id":"https:\/\/www.vodarenskepohlady.sk\/?p=3420#primaryimage","url":"https:\/\/www.vodarenskepohlady.sk\/wp-content\/uploads\/2025\/07\/sdv-vzorky-2025-IMG_5150.jpg","contentUrl":"https:\/\/www.vodarenskepohlady.sk\/wp-content\/uploads\/2025\/07\/sdv-vzorky-2025-IMG_5150.jpg","width":2560,"height":1707},{"@type":"BreadcrumbList","@id":"https:\/\/www.vodarenskepohlady.sk\/?p=3420#breadcrumb","itemListElement":[{"@type":"ListItem","position":1,"name":"Home","item":"https:\/\/www.vodarenskepohlady.sk\/"},{"@type":"ListItem","position":2,"name":"Voda v\u00a0centre pozornosti: Svetov\u00fd de\u0148 vody spojil deti aj dospel\u00fdch"}]},{"@type":"WebSite","@id":"https:\/\/www.vodarenskepohlady.sk\/#website","url":"https:\/\/www.vodarenskepohlady.sk\/","name":"Vod\u00e1rensk\u00e9 Poh\u013eady","description":"","potentialAction":[{"@type":"SearchAction","target":{"@type":"EntryPoint","urlTemplate":"https:\/\/www.vodarenskepohlady.sk\/?s={search_term_string}"},"query-input":{"@type":"PropertyValueSpecification","valueRequired":true,"valueName":"search_term_string"}}],"inLanguage":"sk-SK"},{"@type":"Person","@id":"https:\/\/www.vodarenskepohlady.sk\/#\/schema\/person\/b0323457be19929ac24a7dfd05dd5e86","name":"vodarenskepohlad","image":{"@type":"ImageObject","inLanguage":"sk-SK","@id":"https:\/\/www.vodarenskepohlady.sk\/#\/schema\/person\/image\/","url":"https:\/\/secure.gravatar.com\/avatar\/96a89b7f123b4e155c2498f82e087269?s=96&d=mm&r=g","contentUrl":"https:\/\/secure.gravatar.com\/avatar\/96a89b7f123b4e155c2498f82e087269?s=96&d=mm&r=g","caption":"vodarenskepohlad"},"sameAs":["https:\/\/www.vodarenskepohlady.sk"],"url":"https:\/\/www.vodarenskepohlady.sk\/?author=1"}]}},"_links":{"self":[{"href":"https:\/\/www.vodarenskepohlady.sk\/index.php?rest_route=\/wp\/v2\/posts\/3420","targetHints":{"allow":["GET"]}}],"collection":[{"href":"https:\/\/www.vodarenskepohlady.sk\/index.php?rest_route=\/wp\/v2\/posts"}],"about":[{"href":"https:\/\/www.vodarenskepohlady.sk\/index.php?rest_route=\/wp\/v2\/types\/post"}],"author":[{"embeddable":true,"href":"https:\/\/www.vodarenskepohlady.sk\/index.php?rest_route=\/wp\/v2\/users\/1"}],"replies":[{"embeddable":true,"href":"https:\/\/www.vodarenskepohlady.sk\/index.php?rest_route=%2Fwp%2Fv2%2Fcomments&post=3420"}],"version-history":[{"count":4,"href":"https:\/\/www.vodarenskepohlady.sk\/index.php?rest_route=\/wp\/v2\/posts\/3420\/revisions"}],"predecessor-version":[{"id":3544,"href":"https:\/\/www.vodarenskepohlady.sk\/index.php?rest_route=\/wp\/v2\/posts\/3420\/revisions\/3544"}],"wp:featuredmedia":[{"embeddable":true,"href":"https:\/\/www.vodarenskepohlady.sk\/index.php?rest_route=\/wp\/v2\/media\/3422"}],"wp:attachment":[{"href":"https:\/\/www.vodarenskepohlady.sk\/index.php?rest_route=%2Fwp%2Fv2%2Fmedia&parent=3420"}],"wp:term":[{"taxonomy":"category","embeddable":true,"href":"https:\/\/www.vodarenskepohlady.sk\/index.php?rest_route=%2Fwp%2Fv2%2Fcategories&post=3420"},{"taxonomy":"post_tag","embeddable":true,"href":"https:\/\/www.vodarenskepohlady.sk\/index.php?rest_route=%2Fwp%2Fv2%2Ftags&post=3420"}],"curies":[{"name":"wp","href":"https:\/\/api.w.org\/{rel}","templated":true}]}}