{"id":3417,"date":"2025-07-30T08:32:13","date_gmt":"2025-07-30T06:32:13","guid":{"rendered":"https:\/\/www.vodarenskepohlady.sk\/?p=3417"},"modified":"2025-08-08T14:55:34","modified_gmt":"2025-08-08T12:55:34","slug":"vyjazdove-zasadnutie-rady-generalneho-riaditelavo-vodarenskej-expozicii-v-michalovciach","status":"publish","type":"post","link":"https:\/\/www.vodarenskepohlady.sk\/?p=3417","title":{"rendered":"V\u00fdjazdov\u00e9 zasadnutie Rady gener\u00e1lneho riadite\u013eavo vod\u00e1renskej expoz\u00edcii v\u00a0Michalovciach"},"content":{"rendered":"<div class=\"wp-block-image\">\n<figure class=\"alignleft size-full is-resized\"><img loading=\"lazy\" decoding=\"async\" width=\"488\" height=\"366\" src=\"https:\/\/www.vodarenskepohlady.sk\/wp-content\/uploads\/2024\/08\/VVS-1.png\" alt=\"\" class=\"wp-image-2581\" style=\"width:150px\" srcset=\"https:\/\/www.vodarenskepohlady.sk\/wp-content\/uploads\/2024\/08\/VVS-1.png 488w, https:\/\/www.vodarenskepohlady.sk\/wp-content\/uploads\/2024\/08\/VVS-1-300x225.png 300w, https:\/\/www.vodarenskepohlady.sk\/wp-content\/uploads\/2024\/08\/VVS-1-100x75.png 100w, https:\/\/www.vodarenskepohlady.sk\/wp-content\/uploads\/2024\/08\/VVS-1-480x360.png 480w\" sizes=\"auto, (max-width:767px) 480px, 488px\" \/><\/figure><\/div>\n\n\n<p>D\u0148a 23. apr\u00edla 2025 sa v\u00a0priestoroch \u00dapravne vody Hr\u00e1dok v\u00a0Michalovciach konalo v\u00fdjazdov\u00e9 zasadnutie Rady gener\u00e1lneho riadite\u013ea VVS, a.s. Stretnutie sa za\u010dalo prehliadkou \u00fapravne a\u00a0vod\u00e1rensk\u00e9ho vzdel\u00e1vacieho zariadenia, zn\u00e1meho ako \u201eM\u00fazeum vody\u201c. Expoz\u00edciou sprev\u00e1dzala Mgr. Nikola Mihale\u010dkov\u00e1, technick\u00e1 pracovn\u00ed\u010dka prev\u00e1dzky, ktor\u00e1 pribl\u00ed\u017eila aj eduka\u010dn\u00e9 aktivity pre deti\u00a0\u2013 od interakt\u00edvnych hier pre \u0161k\u00f4lkarov a\u017e po v\u00fdstavu historick\u00fdch expon\u00e1tov. Zauj\u00edmav\u00fdm bodom bola aj projekcia filmu o\u00a0kolobehu vody. V\u00fdjazdov\u00e9 zasadnutie poskytlo priestor nielen na odborn\u00e9 diskusie, ale poh\u013ead do hist\u00f3rie a\u00a0rozvoja vod\u00e1renskej infra\u0161trukt\u00fary, ale aj na mo\u017enosti environment\u00e1lneho vzdel\u00e1vania mladej gener\u00e1cie.<br><strong>Linda \u0160najd\u00e1rov\u00e1, Foto: arch\u00edv redakcie<\/strong><\/p>\n","protected":false},"excerpt":{"rendered":"<p>D\u0148a 23. apr\u00edla 2025 sa v\u00a0priestoroch \u00dapravne vody Hr\u00e1dok v\u00a0Michalovciach konalo v\u00fdjazdov\u00e9 zasadnutie Rady gener\u00e1lneho riadite\u013ea VVS, a.s. Stretnutie sa za\u010dalo prehliadkou \u00fapravne a\u00a0vod\u00e1rensk\u00e9ho vzdel\u00e1vacieho zariadenia,<span class=\"excerpt-hellip\"> [\u2026]<\/span><\/p>\n","protected":false},"author":1,"featured_media":3538,"comment_status":"open","ping_status":"open","sticky":false,"template":"","format":"standard","meta":{"_monsterinsights_skip_tracking":false,"_monsterinsights_sitenote_active":false,"_monsterinsights_sitenote_note":"","_monsterinsights_sitenote_category":0,"footnotes":""},"categories":[14],"tags":[44,34,21],"class_list":["post-3417","post","type-post","status-publish","format-standard","has-post-thumbnail","hentry","category-co-je-nove","tag-02-2025","tag-co-je-nove","tag-vvs"],"yoast_head":"<!-- This site is optimized with the Yoast SEO plugin v25.5 - https:\/\/yoast.com\/wordpress\/plugins\/seo\/ -->\n<title>V\u00fdjazdov\u00e9 zasadnutie Rady gener\u00e1lneho riadite\u013eavo vod\u00e1renskej expoz\u00edcii v\u00a0Michalovciach - Vod\u00e1rensk\u00e9 Poh\u013eady<\/title>\n<meta name=\"robots\" content=\"index, follow, max-snippet:-1, max-image-preview:large, max-video-preview:-1\" \/>\n<link rel=\"canonical\" href=\"https:\/\/www.vodarenskepohlady.sk\/?p=3417\" \/>\n<meta property=\"og:locale\" content=\"sk_SK\" \/>\n<meta property=\"og:type\" content=\"article\" \/>\n<meta property=\"og:title\" content=\"V\u00fdjazdov\u00e9 zasadnutie Rady gener\u00e1lneho riadite\u013eavo vod\u00e1renskej expoz\u00edcii v\u00a0Michalovciach - Vod\u00e1rensk\u00e9 Poh\u013eady\" \/>\n<meta property=\"og:description\" content=\"D\u0148a 23. apr\u00edla 2025 sa v\u00a0priestoroch \u00dapravne vody Hr\u00e1dok v\u00a0Michalovciach konalo v\u00fdjazdov\u00e9 zasadnutie Rady gener\u00e1lneho riadite\u013ea VVS, a.s. Stretnutie sa za\u010dalo prehliadkou \u00fapravne a\u00a0vod\u00e1rensk\u00e9ho vzdel\u00e1vacieho zariadenia, [\u2026]\" \/>\n<meta property=\"og:url\" content=\"https:\/\/www.vodarenskepohlady.sk\/?p=3417\" \/>\n<meta property=\"og:site_name\" content=\"Vod\u00e1rensk\u00e9 Poh\u013eady\" \/>\n<meta property=\"article:published_time\" content=\"2025-07-30T06:32:13+00:00\" \/>\n<meta property=\"article:modified_time\" content=\"2025-08-08T12:55:34+00:00\" \/>\n<meta property=\"og:image\" content=\"https:\/\/www.vodarenskepohlady.sk\/wp-content\/uploads\/2025\/07\/vvs-2-2025.jpg\" \/>\n\t<meta property=\"og:image:width\" content=\"1920\" \/>\n\t<meta property=\"og:image:height\" content=\"1440\" \/>\n\t<meta property=\"og:image:type\" content=\"image\/jpeg\" \/>\n<meta name=\"author\" content=\"vodarenskepohlad\" \/>\n<meta name=\"twitter:card\" content=\"summary_large_image\" \/>\n<meta name=\"twitter:label1\" content=\"Autor\" \/>\n\t<meta name=\"twitter:data1\" content=\"vodarenskepohlad\" \/>\n\t<meta name=\"twitter:label2\" content=\"Predpokladan\u00fd \u010das \u010d\u00edtania\" \/>\n\t<meta name=\"twitter:data2\" content=\"1 min\u00fata\" \/>\n<script type=\"application\/ld+json\" class=\"yoast-schema-graph\">{\"@context\":\"https:\/\/schema.org\",\"@graph\":[{\"@type\":\"WebPage\",\"@id\":\"https:\/\/www.vodarenskepohlady.sk\/?p=3417\",\"url\":\"https:\/\/www.vodarenskepohlady.sk\/?p=3417\",\"name\":\"V\u00fdjazdov\u00e9 zasadnutie Rady gener\u00e1lneho riadite\u013eavo vod\u00e1renskej expoz\u00edcii v\u00a0Michalovciach - Vod\u00e1rensk\u00e9 Poh\u013eady\",\"isPartOf\":{\"@id\":\"https:\/\/www.vodarenskepohlady.sk\/#website\"},\"primaryImageOfPage\":{\"@id\":\"https:\/\/www.vodarenskepohlady.sk\/?p=3417#primaryimage\"},\"image\":{\"@id\":\"https:\/\/www.vodarenskepohlady.sk\/?p=3417#primaryimage\"},\"thumbnailUrl\":\"https:\/\/www.vodarenskepohlady.sk\/wp-content\/uploads\/2025\/07\/vvs-2-2025.jpg\",\"datePublished\":\"2025-07-30T06:32:13+00:00\",\"dateModified\":\"2025-08-08T12:55:34+00:00\",\"author\":{\"@id\":\"https:\/\/www.vodarenskepohlady.sk\/#\/schema\/person\/b0323457be19929ac24a7dfd05dd5e86\"},\"breadcrumb\":{\"@id\":\"https:\/\/www.vodarenskepohlady.sk\/?p=3417#breadcrumb\"},\"inLanguage\":\"sk-SK\",\"potentialAction\":[{\"@type\":\"ReadAction\",\"target\":[\"https:\/\/www.vodarenskepohlady.sk\/?p=3417\"]}]},{\"@type\":\"ImageObject\",\"inLanguage\":\"sk-SK\",\"@id\":\"https:\/\/www.vodarenskepohlady.sk\/?p=3417#primaryimage\",\"url\":\"https:\/\/www.vodarenskepohlady.sk\/wp-content\/uploads\/2025\/07\/vvs-2-2025.jpg\",\"contentUrl\":\"https:\/\/www.vodarenskepohlady.sk\/wp-content\/uploads\/2025\/07\/vvs-2-2025.jpg\",\"width\":1920,\"height\":1440},{\"@type\":\"BreadcrumbList\",\"@id\":\"https:\/\/www.vodarenskepohlady.sk\/?p=3417#breadcrumb\",\"itemListElement\":[{\"@type\":\"ListItem\",\"position\":1,\"name\":\"Home\",\"item\":\"https:\/\/www.vodarenskepohlady.sk\/\"},{\"@type\":\"ListItem\",\"position\":2,\"name\":\"V\u00fdjazdov\u00e9 zasadnutie Rady gener\u00e1lneho riadite\u013eavo vod\u00e1renskej expoz\u00edcii v\u00a0Michalovciach\"}]},{\"@type\":\"WebSite\",\"@id\":\"https:\/\/www.vodarenskepohlady.sk\/#website\",\"url\":\"https:\/\/www.vodarenskepohlady.sk\/\",\"name\":\"Vod\u00e1rensk\u00e9 Poh\u013eady\",\"description\":\"\",\"potentialAction\":[{\"@type\":\"SearchAction\",\"target\":{\"@type\":\"EntryPoint\",\"urlTemplate\":\"https:\/\/www.vodarenskepohlady.sk\/?s={search_term_string}\"},\"query-input\":{\"@type\":\"PropertyValueSpecification\",\"valueRequired\":true,\"valueName\":\"search_term_string\"}}],\"inLanguage\":\"sk-SK\"},{\"@type\":\"Person\",\"@id\":\"https:\/\/www.vodarenskepohlady.sk\/#\/schema\/person\/b0323457be19929ac24a7dfd05dd5e86\",\"name\":\"vodarenskepohlad\",\"image\":{\"@type\":\"ImageObject\",\"inLanguage\":\"sk-SK\",\"@id\":\"https:\/\/www.vodarenskepohlady.sk\/#\/schema\/person\/image\/\",\"url\":\"https:\/\/secure.gravatar.com\/avatar\/96a89b7f123b4e155c2498f82e087269?s=96&d=mm&r=g\",\"contentUrl\":\"https:\/\/secure.gravatar.com\/avatar\/96a89b7f123b4e155c2498f82e087269?s=96&d=mm&r=g\",\"caption\":\"vodarenskepohlad\"},\"sameAs\":[\"https:\/\/www.vodarenskepohlady.sk\"],\"url\":\"https:\/\/www.vodarenskepohlady.sk\/?author=1\"}]}<\/script>\n<!-- \/ Yoast SEO plugin. -->","yoast_head_json":{"title":"V\u00fdjazdov\u00e9 zasadnutie Rady gener\u00e1lneho riadite\u013eavo vod\u00e1renskej expoz\u00edcii v\u00a0Michalovciach - Vod\u00e1rensk\u00e9 Poh\u013eady","robots":{"index":"index","follow":"follow","max-snippet":"max-snippet:-1","max-image-preview":"max-image-preview:large","max-video-preview":"max-video-preview:-1"},"canonical":"https:\/\/www.vodarenskepohlady.sk\/?p=3417","og_locale":"sk_SK","og_type":"article","og_title":"V\u00fdjazdov\u00e9 zasadnutie Rady gener\u00e1lneho riadite\u013eavo vod\u00e1renskej expoz\u00edcii v\u00a0Michalovciach - Vod\u00e1rensk\u00e9 Poh\u013eady","og_description":"D\u0148a 23. apr\u00edla 2025 sa v\u00a0priestoroch \u00dapravne vody Hr\u00e1dok v\u00a0Michalovciach konalo v\u00fdjazdov\u00e9 zasadnutie Rady gener\u00e1lneho riadite\u013ea VVS, a.s. Stretnutie sa za\u010dalo prehliadkou \u00fapravne a\u00a0vod\u00e1rensk\u00e9ho vzdel\u00e1vacieho zariadenia, [\u2026]","og_url":"https:\/\/www.vodarenskepohlady.sk\/?p=3417","og_site_name":"Vod\u00e1rensk\u00e9 Poh\u013eady","article_published_time":"2025-07-30T06:32:13+00:00","article_modified_time":"2025-08-08T12:55:34+00:00","og_image":[{"width":1920,"height":1440,"url":"https:\/\/www.vodarenskepohlady.sk\/wp-content\/uploads\/2025\/07\/vvs-2-2025.jpg","type":"image\/jpeg"}],"author":"vodarenskepohlad","twitter_card":"summary_large_image","twitter_misc":{"Autor":"vodarenskepohlad","Predpokladan\u00fd \u010das \u010d\u00edtania":"1 min\u00fata"},"schema":{"@context":"https:\/\/schema.org","@graph":[{"@type":"WebPage","@id":"https:\/\/www.vodarenskepohlady.sk\/?p=3417","url":"https:\/\/www.vodarenskepohlady.sk\/?p=3417","name":"V\u00fdjazdov\u00e9 zasadnutie Rady gener\u00e1lneho riadite\u013eavo vod\u00e1renskej expoz\u00edcii v\u00a0Michalovciach - Vod\u00e1rensk\u00e9 Poh\u013eady","isPartOf":{"@id":"https:\/\/www.vodarenskepohlady.sk\/#website"},"primaryImageOfPage":{"@id":"https:\/\/www.vodarenskepohlady.sk\/?p=3417#primaryimage"},"image":{"@id":"https:\/\/www.vodarenskepohlady.sk\/?p=3417#primaryimage"},"thumbnailUrl":"https:\/\/www.vodarenskepohlady.sk\/wp-content\/uploads\/2025\/07\/vvs-2-2025.jpg","datePublished":"2025-07-30T06:32:13+00:00","dateModified":"2025-08-08T12:55:34+00:00","author":{"@id":"https:\/\/www.vodarenskepohlady.sk\/#\/schema\/person\/b0323457be19929ac24a7dfd05dd5e86"},"breadcrumb":{"@id":"https:\/\/www.vodarenskepohlady.sk\/?p=3417#breadcrumb"},"inLanguage":"sk-SK","potentialAction":[{"@type":"ReadAction","target":["https:\/\/www.vodarenskepohlady.sk\/?p=3417"]}]},{"@type":"ImageObject","inLanguage":"sk-SK","@id":"https:\/\/www.vodarenskepohlady.sk\/?p=3417#primaryimage","url":"https:\/\/www.vodarenskepohlady.sk\/wp-content\/uploads\/2025\/07\/vvs-2-2025.jpg","contentUrl":"https:\/\/www.vodarenskepohlady.sk\/wp-content\/uploads\/2025\/07\/vvs-2-2025.jpg","width":1920,"height":1440},{"@type":"BreadcrumbList","@id":"https:\/\/www.vodarenskepohlady.sk\/?p=3417#breadcrumb","itemListElement":[{"@type":"ListItem","position":1,"name":"Home","item":"https:\/\/www.vodarenskepohlady.sk\/"},{"@type":"ListItem","position":2,"name":"V\u00fdjazdov\u00e9 zasadnutie Rady gener\u00e1lneho riadite\u013eavo vod\u00e1renskej expoz\u00edcii v\u00a0Michalovciach"}]},{"@type":"WebSite","@id":"https:\/\/www.vodarenskepohlady.sk\/#website","url":"https:\/\/www.vodarenskepohlady.sk\/","name":"Vod\u00e1rensk\u00e9 Poh\u013eady","description":"","potentialAction":[{"@type":"SearchAction","target":{"@type":"EntryPoint","urlTemplate":"https:\/\/www.vodarenskepohlady.sk\/?s={search_term_string}"},"query-input":{"@type":"PropertyValueSpecification","valueRequired":true,"valueName":"search_term_string"}}],"inLanguage":"sk-SK"},{"@type":"Person","@id":"https:\/\/www.vodarenskepohlady.sk\/#\/schema\/person\/b0323457be19929ac24a7dfd05dd5e86","name":"vodarenskepohlad","image":{"@type":"ImageObject","inLanguage":"sk-SK","@id":"https:\/\/www.vodarenskepohlady.sk\/#\/schema\/person\/image\/","url":"https:\/\/secure.gravatar.com\/avatar\/96a89b7f123b4e155c2498f82e087269?s=96&d=mm&r=g","contentUrl":"https:\/\/secure.gravatar.com\/avatar\/96a89b7f123b4e155c2498f82e087269?s=96&d=mm&r=g","caption":"vodarenskepohlad"},"sameAs":["https:\/\/www.vodarenskepohlady.sk"],"url":"https:\/\/www.vodarenskepohlady.sk\/?author=1"}]}},"_links":{"self":[{"href":"https:\/\/www.vodarenskepohlady.sk\/index.php?rest_route=\/wp\/v2\/posts\/3417","targetHints":{"allow":["GET"]}}],"collection":[{"href":"https:\/\/www.vodarenskepohlady.sk\/index.php?rest_route=\/wp\/v2\/posts"}],"about":[{"href":"https:\/\/www.vodarenskepohlady.sk\/index.php?rest_route=\/wp\/v2\/types\/post"}],"author":[{"embeddable":true,"href":"https:\/\/www.vodarenskepohlady.sk\/index.php?rest_route=\/wp\/v2\/users\/1"}],"replies":[{"embeddable":true,"href":"https:\/\/www.vodarenskepohlady.sk\/index.php?rest_route=%2Fwp%2Fv2%2Fcomments&post=3417"}],"version-history":[{"count":1,"href":"https:\/\/www.vodarenskepohlady.sk\/index.php?rest_route=\/wp\/v2\/posts\/3417\/revisions"}],"predecessor-version":[{"id":3419,"href":"https:\/\/www.vodarenskepohlady.sk\/index.php?rest_route=\/wp\/v2\/posts\/3417\/revisions\/3419"}],"wp:featuredmedia":[{"embeddable":true,"href":"https:\/\/www.vodarenskepohlady.sk\/index.php?rest_route=\/wp\/v2\/media\/3538"}],"wp:attachment":[{"href":"https:\/\/www.vodarenskepohlady.sk\/index.php?rest_route=%2Fwp%2Fv2%2Fmedia&parent=3417"}],"wp:term":[{"taxonomy":"category","embeddable":true,"href":"https:\/\/www.vodarenskepohlady.sk\/index.php?rest_route=%2Fwp%2Fv2%2Fcategories&post=3417"},{"taxonomy":"post_tag","embeddable":true,"href":"https:\/\/www.vodarenskepohlady.sk\/index.php?rest_route=%2Fwp%2Fv2%2Ftags&post=3417"}],"curies":[{"name":"wp","href":"https:\/\/api.w.org\/{rel}","templated":true}]}}