{"id":2961,"date":"2024-12-17T14:27:47","date_gmt":"2024-12-17T13:27:47","guid":{"rendered":"https:\/\/www.vodarenskepohlady.sk\/?p=2961"},"modified":"2025-04-01T11:24:25","modified_gmt":"2025-04-01T09:24:25","slug":"zasadnutie-predsednictva-eureau","status":"publish","type":"post","link":"https:\/\/www.vodarenskepohlady.sk\/?p=2961","title":{"rendered":"Zasadnutie predsedn\u00edctva EurEau"},"content":{"rendered":"\n<p>V\u00a0d\u0148och 17.\u201318.\u00a010.\u00a02024 sa konalo zasadnutie predsedn\u00edctva EurEau v\u00a0\u0160tok- holme, vo \u0160v\u00e9dsku. Mesto \u0160tokholm sa rozklad\u00e1 na \u0161trn\u00e1stich ostrovoch a\u00a0je zo v\u0161etk\u00fdch str\u00e1n obkolesen\u00e9 vodou a\u00a0to slanou morskou alebo aj sladkou jazernou. Na rokovan\u00ed sa z\u00fa\u010dastnili z\u00e1stupcovia \u010dlensk\u00fdch kraj\u00edn asoci\u00e1cie. Slovensko prv\u00fdkr\u00e1t reprezentovala gener\u00e1lna sekret\u00e1rka AVS, Ivana Mahr\u00edkov\u00e1. \u00da\u010dastn\u00edkov na rokovan\u00ed priv\u00edtala prim\u00e1torka \u0160tokholmu, Karin Wanng\u00e4rd, ktor\u00e1 vo svoj\u00edm pr\u00edhovore zd\u00f4raznila podporu mesta pri rozvoji vod\u00e1renskej infra\u0161trukt\u00fary a\u00a0vyu\u017e\u00edvan\u00ed zelen\u00fdch technol\u00f3gi\u00ed pri \u00faprave vody a\u00a0odv\u00e1dzan\u00ed a\u00a0\u010disten\u00ed odpadov\u00fdch v\u00f4d. \u0160v\u00e9dsko je krajinou, ktor\u00e1 vklad\u00e1 ve\u013ek\u00e9 invest\u00edcie do ochrany \u017eivotn\u00e9ho prostredia a\u00a0zachovania dobr\u00e9ho stavu v\u00f4d. Sved\u010d\u00ed o\u00a0tom aj sk\u00fasenos\u0165 zo \u0160tokholmu, kde s\u00fa aj napriek jeho roz\u013eahlosti povolen\u00e9 len dve miesta na vyp\u00fa\u0161\u0165anie odpadov\u00fdch v\u00f4d.<\/p>\n\n\n\n<p>Henrik Wingfors z\u00a0Svensk Vatten prezentoval pr\u00edtomn\u00fdm princ\u00edpy vodn\u00e9ho hospod\u00e1rstva vo \u0160v\u00e9dsku. Uviedol, \u017ee ich krajiny sa \u010doraz viac dot\u00fdkaj\u00fa klimatick\u00e9 zmeny, ktor\u00e9 prin\u00e1\u0161aj\u00fa pr\u00edvalov\u00e9 da\u017ede a\u00a0n\u00e1sledne obdobia sucha. Medzi priority asoci\u00e1cie patria aktivity na prisp\u00f4sobenie sa sektoru ku klimatick\u00fdm zmen\u00e1m. Na vod\u00e1rensk\u00fa infra\u0161trukt\u00faru je pripojen\u00fdch viac ako 90% obyvate\u013eov krajiny. Priemern\u00e1 spotreba vody na obyvate\u013ea je 140l\/obyv.\/de\u0148. N\u00e1klady na z\u00e1sobovanie vodou a\u00a0odv\u00e1dzanie odpadov\u00fdch v\u00f4d sa pohybuj\u00fa medzi 45-125\u20ac na rodinu za mesiac. Vo \u0160v\u00e9dsku je 750 \u00fapravn\u00ed v\u00f4d a\u00a01700 komun\u00e1lnych \u010cOV. O\u00a0spo\u013eahliv\u00fa prev\u00e1dzku t\u00fdchto zariaden\u00ed sa star\u00e1 6000 zamestnancov vod\u00e1rensk\u00fdch spolo\u010dnost\u00ed. Henrik uviedol, \u017ee podobne ako v\u00a0ostatn\u00fdch krajin\u00e1ch aj \u0160v\u00e9dsko zaost\u00e1va za potrebn\u00fdm tempom obnovy. V\u00a0s\u00fa\u010dasnosti je identifikovan\u00fd investi\u010dn\u00fd dlh vo v\u00fd\u0161ke jednej miliardy \u20ac. Pri po\u010dte obyvate\u013eov 10,5 mili\u00f3na ide o\u00a0dlh 95 \u20ac\/osobu na rozdiel od Slovenska, kde investi\u010dn\u00fd dlh predstavuje a\u017e 1000 \u20ac\/osobu. D\u00f4vodom je nedostato\u010dn\u00e9 pokrytie n\u00e1kladov na obnovu v\u00a0cen\u00e1ch, \u010do s\u00favis\u00ed hlavne s\u00a0komun\u00e1lnou politikou, na ktor\u00fa je naviazan\u00e9 rozhodovanie v\u00a0procese cenotvorby.<\/p>\n\n\n\n<p>N\u00e1sledne prezident EurEau, Par Dalheilm, priv\u00edtal nov\u00fdch z\u00e1stupcov \u010dlensk\u00fdch kraj\u00edn v\u00a0predsedn\u00edctve asoci\u00e1cie a\u00a0to Finnur Beck z\u00a0Islandu a\u00a0Ivanu Mahr\u00edkov\u00fa, z\u00e1stupky\u0148u Asoci\u00e1cie vod\u00e1rensk\u00fdch spolo\u010dnost\u00ed. Prezident z\u00e1rove\u0148 informoval pr\u00edtomn\u00fdch o\u00a0zlo\u017een\u00ed nov\u00e9ho Eur\u00f3pskeho parlamentu, ktor\u00fd pre\u0161iel v\u00fdrazn\u00fdmi zmenami. Majoritn\u00e9 postavenie v\u0161ak na\u010falej m\u00e1 stredn\u00e1 koal\u00edcia v\u00a0zlo\u017een\u00ed EPP, S\u2008&amp;\u2008D, Greens\/EFA a\u00a0Renew Europe s\u00a0celkov\u00fdm po\u010dtom 454 poslancov, \u010d\u00edm smerovanie sektora vodn\u00e9ho hospod\u00e1rstva ost\u00e1va zachovan\u00e9. Odolnos\u0165 vod\u00e1renskej infra\u0161trukt\u00fary sa explicitne dostala do strat\u00e9gie Eur\u00f3pskej komisie a\u00a0medzi priority novej eurokomis\u00e1rky pre \u017eivotn\u00e9 prostredie Jessiky Roswall zo \u0160v\u00e9dska.<\/p>\n\n\n\n<figure class=\"wp-block-image size-large\"><img loading=\"lazy\" decoding=\"async\" width=\"1200\" height=\"724\" src=\"https:\/\/www.vodarenskepohlady.sk\/wp-content\/uploads\/2024\/12\/Predsednictvo-EurEau-Muzeum-Alfreda-Nobela-1200x724.jpg\" alt=\"\" class=\"wp-image-2962\" srcset=\"https:\/\/www.vodarenskepohlady.sk\/wp-content\/uploads\/2024\/12\/Predsednictvo-EurEau-Muzeum-Alfreda-Nobela-1200x724.jpg 1200w, https:\/\/www.vodarenskepohlady.sk\/wp-content\/uploads\/2024\/12\/Predsednictvo-EurEau-Muzeum-Alfreda-Nobela-500x302.jpg 500w, https:\/\/www.vodarenskepohlady.sk\/wp-content\/uploads\/2024\/12\/Predsednictvo-EurEau-Muzeum-Alfreda-Nobela-300x181.jpg 300w, https:\/\/www.vodarenskepohlady.sk\/wp-content\/uploads\/2024\/12\/Predsednictvo-EurEau-Muzeum-Alfreda-Nobela-768x463.jpg 768w, https:\/\/www.vodarenskepohlady.sk\/wp-content\/uploads\/2024\/12\/Predsednictvo-EurEau-Muzeum-Alfreda-Nobela-1536x926.jpg 1536w, https:\/\/www.vodarenskepohlady.sk\/wp-content\/uploads\/2024\/12\/Predsednictvo-EurEau-Muzeum-Alfreda-Nobela-124x75.jpg 124w, https:\/\/www.vodarenskepohlady.sk\/wp-content\/uploads\/2024\/12\/Predsednictvo-EurEau-Muzeum-Alfreda-Nobela-480x290.jpg 480w, https:\/\/www.vodarenskepohlady.sk\/wp-content\/uploads\/2024\/12\/Predsednictvo-EurEau-Muzeum-Alfreda-Nobela.jpg 1920w\" sizes=\"auto, (max-width:767px) 480px, (max-width:1200px) 100vw, 1200px\" \/><figcaption class=\"wp-element-caption\">Predsedn\u00edctvo EurEau &#8211; M\u00fazeum Alfreda Nobela<\/figcaption><\/figure>\n\n\n\n<p>O\u00a0aktivit\u00e1ch pracovn\u00fdch komisi\u00ed EU1, EU2 a\u00a0EU3 informovali ich predsedovia. K\u00a0priorit\u00e1m EU1 Pitn\u00e1 voda na\u010falej patr\u00ed PFAS, komisia sa zaober\u00e1 aj znovu vyu\u017e\u00edvan\u00edm vy\u010distenej odpadovej vody vo vodnom cykle a\u00a0to napr\u00edklad pri dop\u013a\u0148an\u00ed kapacity vodn\u00fdch zdrojov.<br>Komisia EU2 informovala o\u00a0kone\u010dnom znen\u00ed revidovanej smernice Eur\u00f3pskeho parlamentu a\u00a0Rady 91\/271\/EHS o\u00a0\u010disten\u00ed komun\u00e1lnych odpadov\u00fdch v\u00f4d. Fin\u00e1lne znenie bolo schv\u00e1len\u00e9 Radou EU d\u0148a 7.\u00a011.\u00a02024. N\u00e1sledne za\u010dne prebieha\u0165 proces transpoz\u00edcie smernice do n\u00e1rodn\u00fdch legislat\u00edv \u010dlensk\u00fdch \u0161t\u00e1tov. Uveden\u00fd proces by mal by\u0165 ukon\u010den\u00fd do 20 mesiacov od schv\u00e1lenia fin\u00e1lnej verzie dokumentu.<\/p>\n\n\n\n<p>Predseda komisie EU3, Ekonomick\u00e9 z\u00e1le\u017eitosti, informoval o\u00a0v\u00fdsledkoch zberu d\u00e1t, ktor\u00e9 prebiehaj\u00fa v\u00a0trojro\u010dn\u00fdch cykloch. Uviedol, \u017ee komisia navrhuje skr\u00e1ti\u0165 interval zberu d\u00e1t na jeden rok a\u00a0to z\u00a0d\u00f4vodu neust\u00e1lych zmien v\u00a0sektore, \u010di u\u017e je to dop\u013a\u0148anie sledovan\u00fdch parametrov alebo spr\u00eds\u0148ovanie limitov kontrolovan\u00fdch parametrov.<br>N\u00e1sledne prezentovali \u010dlenovia predsedn\u00edctva z\u00a0Belgicka, Talianska a\u00a0Slovenska z\u00e1kladn\u00e9 princ\u00edpy cenotvorby a\u00a0cenovej regul\u00e1cie na prev\u00e1dzku a\u00a0trval\u00fa udr\u017eate\u013enos\u0165 vod\u00e1renskej infra\u0161trukt\u00fary v\u00a0ich krajin\u00e1ch. Alan Gillis z\u00a0Belgicka uviedol, \u017ee priemern\u00e1 cena za vodn\u00e9 a\u00a0sto\u010dn\u00e9 vo v\u00fd\u0161ke 5,65 \u20ac\/m3 nepokr\u00fdva potrebn\u00e9 n\u00e1klady na obnovu a\u00a0rozvoj, \u010d\u00edm sa postupne zhor\u0161uje kvalita vod\u00e1rensk\u00fdch slu\u017eieb. Prezent\u00e1cia z\u00e1stupcu talianskej asoci\u00e1cie znela ove\u013ea optimistickej\u0161ie. V\u010faka zmen\u00e1m v\u00a0cenovej regul\u00e1cii v\u00a0roku 2010 a\u00a0hlavne ka\u017edoro\u010dnej \u0161t\u00e1tnej podpore vo v\u00fd\u0161ke a\u017e 1,2 mld. \u20ac\/ro\u010dne vzr\u00e1stla hodnota majetku vod\u00e1rensk\u00fdch spolo\u010dnost\u00ed z\u00a012,8 mld na 20 mld \u20ac. Uveden\u00e1 \u0161t\u00e1tna podpora bude trva\u0165 a\u017e do roku 2026 a\u00a0jej cie\u013eom je zlep\u0161i\u0165 kvalitu vod\u00e1rensk\u00fdch slu\u017eieb a\u00a0zabezpe\u010di\u0165 po\u017eadovan\u00fa obnovu vod\u00e1renskej infra\u0161trukt\u00fary. Uveden\u00fdm pr\u00edkladom by sa mali in\u0161pirova\u0165 aj slovensk\u00e9 \u0161t\u00e1tne in\u0161tit\u00facie nako\u013eko, ako vo svojej prezent\u00e1cii uviedla Ivana Mahr\u00edkov\u00e1, stav vod\u00e1renskej infra\u0161trukt\u00fary na Slovensku je \u017ealostn\u00fd. Najvy\u0161\u0161\u00ed kontroln\u00fd \u00farad identifikoval investi\u010dn\u00fd dlh na obnovu 5, 5 mld. \u20ac, \u010do predstavuje 1000 \u20ac\/obyvate\u013ea.<\/p>\n\n\n\n<p>\u010eal\u0161\u00edm bodom rokovania bolo schv\u00e1lenie rozpo\u010dtu EurEau na rok 2025. Nako\u013eko predsedn\u00edctvo schv\u00e1lilo \u017eiados\u0165 o\u00a0kr\u00e1tkodob\u00e9 zn\u00ed\u017eenie \u010dlensk\u00e9ho pr\u00edspevku Slovenska, bolo nutn\u00e9 op\u00e4tovne schv\u00e1li\u0165 upraven\u00fd rozpo\u010det EurEau. S\u00fa\u010das\u0165ou rozpo\u010dtu je aj sl\u00e1vnostn\u00e9 podujatie k\u00a050. v\u00fdro\u010diu EurEau, ktor\u00e9 asoci\u00e1cia osl\u00e1vi bud\u00faci rok v\u00a0m\u00e1ji.<br><br>Ing. Ivana Mahr\u00edkov\u00e1, PhD., EUR ING., \u010dlen predsedn\u00edctva EurEau<br>Foto: arch\u00edv Ing. Ivana Mahr\u00edkov\u00e1, PhD., EUR ING.<br><\/p>\n","protected":false},"excerpt":{"rendered":"<p>V\u00a0d\u0148och 17.\u201318.\u00a010.\u00a02024 sa konalo zasadnutie predsedn\u00edctva EurEau v\u00a0\u0160tok- holme, vo \u0160v\u00e9dsku. Mesto \u0160tokholm sa rozklad\u00e1 na \u0161trn\u00e1stich ostrovoch a\u00a0je zo v\u0161etk\u00fdch str\u00e1n obkolesen\u00e9 vodou a\u00a0to slanou<span class=\"excerpt-hellip\"> [\u2026]<\/span><\/p>\n","protected":false},"author":1,"featured_media":2962,"comment_status":"open","ping_status":"open","sticky":false,"template":"","format":"standard","meta":{"_monsterinsights_skip_tracking":false,"_monsterinsights_sitenote_active":false,"_monsterinsights_sitenote_note":"","_monsterinsights_sitenote_category":0,"footnotes":""},"categories":[11],"tags":[39,37],"class_list":["post-2961","post","type-post","status-publish","format-standard","has-post-thumbnail","hentry","category-aktuality","tag-04-2024-2","tag-eureau"],"yoast_head":"<!-- This site is optimized with the Yoast SEO plugin v25.5 - https:\/\/yoast.com\/wordpress\/plugins\/seo\/ -->\n<title>Zasadnutie predsedn\u00edctva EurEau - Vod\u00e1rensk\u00e9 Poh\u013eady<\/title>\n<meta name=\"robots\" content=\"index, follow, max-snippet:-1, max-image-preview:large, max-video-preview:-1\" \/>\n<link rel=\"canonical\" href=\"https:\/\/www.vodarenskepohlady.sk\/?p=2961\" \/>\n<meta property=\"og:locale\" content=\"sk_SK\" \/>\n<meta property=\"og:type\" content=\"article\" \/>\n<meta property=\"og:title\" content=\"Zasadnutie predsedn\u00edctva EurEau - Vod\u00e1rensk\u00e9 Poh\u013eady\" \/>\n<meta property=\"og:description\" content=\"V\u00a0d\u0148och 17.\u201318.\u00a010.\u00a02024 sa konalo zasadnutie predsedn\u00edctva EurEau v\u00a0\u0160tok- holme, vo \u0160v\u00e9dsku. Mesto \u0160tokholm sa rozklad\u00e1 na \u0161trn\u00e1stich ostrovoch a\u00a0je zo v\u0161etk\u00fdch str\u00e1n obkolesen\u00e9 vodou a\u00a0to slanou [\u2026]\" \/>\n<meta property=\"og:url\" content=\"https:\/\/www.vodarenskepohlady.sk\/?p=2961\" \/>\n<meta property=\"og:site_name\" content=\"Vod\u00e1rensk\u00e9 Poh\u013eady\" \/>\n<meta property=\"article:published_time\" content=\"2024-12-17T13:27:47+00:00\" \/>\n<meta property=\"article:modified_time\" content=\"2025-04-01T09:24:25+00:00\" \/>\n<meta property=\"og:image\" content=\"https:\/\/www.vodarenskepohlady.sk\/wp-content\/uploads\/2024\/12\/Predsednictvo-EurEau-Muzeum-Alfreda-Nobela.jpg\" \/>\n\t<meta property=\"og:image:width\" content=\"1920\" \/>\n\t<meta property=\"og:image:height\" content=\"1158\" \/>\n\t<meta property=\"og:image:type\" content=\"image\/jpeg\" \/>\n<meta name=\"author\" content=\"vodarenskepohlad\" \/>\n<meta name=\"twitter:card\" content=\"summary_large_image\" \/>\n<meta name=\"twitter:label1\" content=\"Autor\" \/>\n\t<meta name=\"twitter:data1\" content=\"vodarenskepohlad\" \/>\n\t<meta name=\"twitter:label2\" content=\"Predpokladan\u00fd \u010das \u010d\u00edtania\" \/>\n\t<meta name=\"twitter:data2\" content=\"5 min\u00fat\" \/>\n<script type=\"application\/ld+json\" class=\"yoast-schema-graph\">{\"@context\":\"https:\/\/schema.org\",\"@graph\":[{\"@type\":\"WebPage\",\"@id\":\"https:\/\/www.vodarenskepohlady.sk\/?p=2961\",\"url\":\"https:\/\/www.vodarenskepohlady.sk\/?p=2961\",\"name\":\"Zasadnutie predsedn\u00edctva EurEau - Vod\u00e1rensk\u00e9 Poh\u013eady\",\"isPartOf\":{\"@id\":\"https:\/\/www.vodarenskepohlady.sk\/#website\"},\"primaryImageOfPage\":{\"@id\":\"https:\/\/www.vodarenskepohlady.sk\/?p=2961#primaryimage\"},\"image\":{\"@id\":\"https:\/\/www.vodarenskepohlady.sk\/?p=2961#primaryimage\"},\"thumbnailUrl\":\"https:\/\/www.vodarenskepohlady.sk\/wp-content\/uploads\/2024\/12\/Predsednictvo-EurEau-Muzeum-Alfreda-Nobela.jpg\",\"datePublished\":\"2024-12-17T13:27:47+00:00\",\"dateModified\":\"2025-04-01T09:24:25+00:00\",\"author\":{\"@id\":\"https:\/\/www.vodarenskepohlady.sk\/#\/schema\/person\/b0323457be19929ac24a7dfd05dd5e86\"},\"breadcrumb\":{\"@id\":\"https:\/\/www.vodarenskepohlady.sk\/?p=2961#breadcrumb\"},\"inLanguage\":\"sk-SK\",\"potentialAction\":[{\"@type\":\"ReadAction\",\"target\":[\"https:\/\/www.vodarenskepohlady.sk\/?p=2961\"]}]},{\"@type\":\"ImageObject\",\"inLanguage\":\"sk-SK\",\"@id\":\"https:\/\/www.vodarenskepohlady.sk\/?p=2961#primaryimage\",\"url\":\"https:\/\/www.vodarenskepohlady.sk\/wp-content\/uploads\/2024\/12\/Predsednictvo-EurEau-Muzeum-Alfreda-Nobela.jpg\",\"contentUrl\":\"https:\/\/www.vodarenskepohlady.sk\/wp-content\/uploads\/2024\/12\/Predsednictvo-EurEau-Muzeum-Alfreda-Nobela.jpg\",\"width\":1920,\"height\":1158},{\"@type\":\"BreadcrumbList\",\"@id\":\"https:\/\/www.vodarenskepohlady.sk\/?p=2961#breadcrumb\",\"itemListElement\":[{\"@type\":\"ListItem\",\"position\":1,\"name\":\"Home\",\"item\":\"https:\/\/www.vodarenskepohlady.sk\/\"},{\"@type\":\"ListItem\",\"position\":2,\"name\":\"Zasadnutie predsedn\u00edctva EurEau\"}]},{\"@type\":\"WebSite\",\"@id\":\"https:\/\/www.vodarenskepohlady.sk\/#website\",\"url\":\"https:\/\/www.vodarenskepohlady.sk\/\",\"name\":\"Vod\u00e1rensk\u00e9 Poh\u013eady\",\"description\":\"\",\"potentialAction\":[{\"@type\":\"SearchAction\",\"target\":{\"@type\":\"EntryPoint\",\"urlTemplate\":\"https:\/\/www.vodarenskepohlady.sk\/?s={search_term_string}\"},\"query-input\":{\"@type\":\"PropertyValueSpecification\",\"valueRequired\":true,\"valueName\":\"search_term_string\"}}],\"inLanguage\":\"sk-SK\"},{\"@type\":\"Person\",\"@id\":\"https:\/\/www.vodarenskepohlady.sk\/#\/schema\/person\/b0323457be19929ac24a7dfd05dd5e86\",\"name\":\"vodarenskepohlad\",\"image\":{\"@type\":\"ImageObject\",\"inLanguage\":\"sk-SK\",\"@id\":\"https:\/\/www.vodarenskepohlady.sk\/#\/schema\/person\/image\/\",\"url\":\"https:\/\/secure.gravatar.com\/avatar\/96a89b7f123b4e155c2498f82e087269?s=96&d=mm&r=g\",\"contentUrl\":\"https:\/\/secure.gravatar.com\/avatar\/96a89b7f123b4e155c2498f82e087269?s=96&d=mm&r=g\",\"caption\":\"vodarenskepohlad\"},\"sameAs\":[\"https:\/\/www.vodarenskepohlady.sk\"],\"url\":\"https:\/\/www.vodarenskepohlady.sk\/?author=1\"}]}<\/script>\n<!-- \/ Yoast SEO plugin. -->","yoast_head_json":{"title":"Zasadnutie predsedn\u00edctva EurEau - Vod\u00e1rensk\u00e9 Poh\u013eady","robots":{"index":"index","follow":"follow","max-snippet":"max-snippet:-1","max-image-preview":"max-image-preview:large","max-video-preview":"max-video-preview:-1"},"canonical":"https:\/\/www.vodarenskepohlady.sk\/?p=2961","og_locale":"sk_SK","og_type":"article","og_title":"Zasadnutie predsedn\u00edctva EurEau - Vod\u00e1rensk\u00e9 Poh\u013eady","og_description":"V\u00a0d\u0148och 17.\u201318.\u00a010.\u00a02024 sa konalo zasadnutie predsedn\u00edctva EurEau v\u00a0\u0160tok- holme, vo \u0160v\u00e9dsku. Mesto \u0160tokholm sa rozklad\u00e1 na \u0161trn\u00e1stich ostrovoch a\u00a0je zo v\u0161etk\u00fdch str\u00e1n obkolesen\u00e9 vodou a\u00a0to slanou [\u2026]","og_url":"https:\/\/www.vodarenskepohlady.sk\/?p=2961","og_site_name":"Vod\u00e1rensk\u00e9 Poh\u013eady","article_published_time":"2024-12-17T13:27:47+00:00","article_modified_time":"2025-04-01T09:24:25+00:00","og_image":[{"width":1920,"height":1158,"url":"https:\/\/www.vodarenskepohlady.sk\/wp-content\/uploads\/2024\/12\/Predsednictvo-EurEau-Muzeum-Alfreda-Nobela.jpg","type":"image\/jpeg"}],"author":"vodarenskepohlad","twitter_card":"summary_large_image","twitter_misc":{"Autor":"vodarenskepohlad","Predpokladan\u00fd \u010das \u010d\u00edtania":"5 min\u00fat"},"schema":{"@context":"https:\/\/schema.org","@graph":[{"@type":"WebPage","@id":"https:\/\/www.vodarenskepohlady.sk\/?p=2961","url":"https:\/\/www.vodarenskepohlady.sk\/?p=2961","name":"Zasadnutie predsedn\u00edctva EurEau - Vod\u00e1rensk\u00e9 Poh\u013eady","isPartOf":{"@id":"https:\/\/www.vodarenskepohlady.sk\/#website"},"primaryImageOfPage":{"@id":"https:\/\/www.vodarenskepohlady.sk\/?p=2961#primaryimage"},"image":{"@id":"https:\/\/www.vodarenskepohlady.sk\/?p=2961#primaryimage"},"thumbnailUrl":"https:\/\/www.vodarenskepohlady.sk\/wp-content\/uploads\/2024\/12\/Predsednictvo-EurEau-Muzeum-Alfreda-Nobela.jpg","datePublished":"2024-12-17T13:27:47+00:00","dateModified":"2025-04-01T09:24:25+00:00","author":{"@id":"https:\/\/www.vodarenskepohlady.sk\/#\/schema\/person\/b0323457be19929ac24a7dfd05dd5e86"},"breadcrumb":{"@id":"https:\/\/www.vodarenskepohlady.sk\/?p=2961#breadcrumb"},"inLanguage":"sk-SK","potentialAction":[{"@type":"ReadAction","target":["https:\/\/www.vodarenskepohlady.sk\/?p=2961"]}]},{"@type":"ImageObject","inLanguage":"sk-SK","@id":"https:\/\/www.vodarenskepohlady.sk\/?p=2961#primaryimage","url":"https:\/\/www.vodarenskepohlady.sk\/wp-content\/uploads\/2024\/12\/Predsednictvo-EurEau-Muzeum-Alfreda-Nobela.jpg","contentUrl":"https:\/\/www.vodarenskepohlady.sk\/wp-content\/uploads\/2024\/12\/Predsednictvo-EurEau-Muzeum-Alfreda-Nobela.jpg","width":1920,"height":1158},{"@type":"BreadcrumbList","@id":"https:\/\/www.vodarenskepohlady.sk\/?p=2961#breadcrumb","itemListElement":[{"@type":"ListItem","position":1,"name":"Home","item":"https:\/\/www.vodarenskepohlady.sk\/"},{"@type":"ListItem","position":2,"name":"Zasadnutie predsedn\u00edctva EurEau"}]},{"@type":"WebSite","@id":"https:\/\/www.vodarenskepohlady.sk\/#website","url":"https:\/\/www.vodarenskepohlady.sk\/","name":"Vod\u00e1rensk\u00e9 Poh\u013eady","description":"","potentialAction":[{"@type":"SearchAction","target":{"@type":"EntryPoint","urlTemplate":"https:\/\/www.vodarenskepohlady.sk\/?s={search_term_string}"},"query-input":{"@type":"PropertyValueSpecification","valueRequired":true,"valueName":"search_term_string"}}],"inLanguage":"sk-SK"},{"@type":"Person","@id":"https:\/\/www.vodarenskepohlady.sk\/#\/schema\/person\/b0323457be19929ac24a7dfd05dd5e86","name":"vodarenskepohlad","image":{"@type":"ImageObject","inLanguage":"sk-SK","@id":"https:\/\/www.vodarenskepohlady.sk\/#\/schema\/person\/image\/","url":"https:\/\/secure.gravatar.com\/avatar\/96a89b7f123b4e155c2498f82e087269?s=96&d=mm&r=g","contentUrl":"https:\/\/secure.gravatar.com\/avatar\/96a89b7f123b4e155c2498f82e087269?s=96&d=mm&r=g","caption":"vodarenskepohlad"},"sameAs":["https:\/\/www.vodarenskepohlady.sk"],"url":"https:\/\/www.vodarenskepohlady.sk\/?author=1"}]}},"_links":{"self":[{"href":"https:\/\/www.vodarenskepohlady.sk\/index.php?rest_route=\/wp\/v2\/posts\/2961","targetHints":{"allow":["GET"]}}],"collection":[{"href":"https:\/\/www.vodarenskepohlady.sk\/index.php?rest_route=\/wp\/v2\/posts"}],"about":[{"href":"https:\/\/www.vodarenskepohlady.sk\/index.php?rest_route=\/wp\/v2\/types\/post"}],"author":[{"embeddable":true,"href":"https:\/\/www.vodarenskepohlady.sk\/index.php?rest_route=\/wp\/v2\/users\/1"}],"replies":[{"embeddable":true,"href":"https:\/\/www.vodarenskepohlady.sk\/index.php?rest_route=%2Fwp%2Fv2%2Fcomments&post=2961"}],"version-history":[{"count":1,"href":"https:\/\/www.vodarenskepohlady.sk\/index.php?rest_route=\/wp\/v2\/posts\/2961\/revisions"}],"predecessor-version":[{"id":2963,"href":"https:\/\/www.vodarenskepohlady.sk\/index.php?rest_route=\/wp\/v2\/posts\/2961\/revisions\/2963"}],"wp:featuredmedia":[{"embeddable":true,"href":"https:\/\/www.vodarenskepohlady.sk\/index.php?rest_route=\/wp\/v2\/media\/2962"}],"wp:attachment":[{"href":"https:\/\/www.vodarenskepohlady.sk\/index.php?rest_route=%2Fwp%2Fv2%2Fmedia&parent=2961"}],"wp:term":[{"taxonomy":"category","embeddable":true,"href":"https:\/\/www.vodarenskepohlady.sk\/index.php?rest_route=%2Fwp%2Fv2%2Fcategories&post=2961"},{"taxonomy":"post_tag","embeddable":true,"href":"https:\/\/www.vodarenskepohlady.sk\/index.php?rest_route=%2Fwp%2Fv2%2Ftags&post=2961"}],"curies":[{"name":"wp","href":"https:\/\/api.w.org\/{rel}","templated":true}]}}