{"id":2652,"date":"2024-09-15T20:37:04","date_gmt":"2024-09-15T18:37:04","guid":{"rendered":"https:\/\/www.vodarenskepohlady.sk\/?p=2652"},"modified":"2024-11-19T16:25:45","modified_gmt":"2024-11-19T15:25:45","slug":"ked-sa-tepla-bije-so-studenou","status":"publish","type":"post","link":"https:\/\/www.vodarenskepohlady.sk\/?p=2652","title":{"rendered":"Ke\u010f sa tepl\u00e1 bije so studenou\u2026"},"content":{"rendered":"\n<h3 class=\"wp-block-heading\">Boju s&nbsp;legion\u00e1rskou chorobou stoja v&nbsp;ceste legislat\u00edvne prek\u00e1\u017eky<\/h3>\n\n\n\n<p><strong>Pod \u0161\u00edrenie legion\u00e1rskej choroby, ktorej sa verejnos\u0165 v\u017edy pr\u00e1vom ob\u00e1va, sa okrem mnoh\u00fdch in\u00fdch faktorov m\u00f4\u017ee spolupodpisova\u0165 aj to, \u017ee tepl\u00e1 voda u&nbsp;spotrebite\u013ea nem\u00e1 v\u017edy na koh\u00fatiku po\u017eadovan\u00fdch minim\u00e1lne 50 &#8211; 55\u00b0C, ako to upravuje z\u00e1kon \u010d. 355\/2007 Z. z. o&nbsp;ochrane, podpore a&nbsp;rozvoji verejn\u00e9ho zdravia a&nbsp;o&nbsp;zmene a&nbsp;doplnen\u00ed niektor\u00fdch z\u00e1konov.<\/strong><\/p>\n\n\n\n<p>&nbsp;Pracovn\u00edci region\u00e1lnych \u00faradov verejn\u00e9ho zdravotn\u00edctva (R\u00daVZ) v\u0161ak nateraz nemaj\u00fa \u017eiaden pr\u00e1vny podklad, nemaj\u00fa v&nbsp;ruke \u017eiaden legislat\u00edvny n\u00e1stroj na to, aby mohli v&nbsp;bytov\u00fdch domoch kontrolova\u0165 teplotu a&nbsp;kvalitu teplej \u00fa\u017eitkovej vody (T\u00daV) a&nbsp;takto chr\u00e1ni\u0165 obyvate\u013estvo pred infekciou sp\u00f4sobenou bakt\u00e9riou legionela, odznelo na tohtoro\u010dnej konferencii o&nbsp;kvalite vody vo V\u00fdchodoslovenskej vod\u00e1renskej spolo\u010dnosti (VVS) a.s., Ko\u0161ice. Spom\u00ednan\u00e1 konferencia sa konala v&nbsp;marci pri pr\u00edle\u017eitosti Svetov\u00e9ho d\u0148a vody.<\/p>\n\n\n\n<p>Ned\u00e1vne pr\u00edpady legion\u00e1rskej choroby v&nbsp;Ko\u0161iciach rozv\u00edrili verejn\u00fa mienku a&nbsp;v&nbsp;lok\u00e1lnych i&nbsp;region\u00e1lnych m\u00e9di\u00e1ch sa dokonca objavili \u00favahy, \u017ee za t\u00fdm v\u0161etk\u00fdm s\u00fa len \u0165ahanice medzi vod\u00e1rmi a&nbsp;tepl\u00e1r\u0148ou, resp. \u017ee energetici sa \u00fadajne vyhov\u00e1raj\u00fa na vod\u00e1rov a&nbsp;t\u00ed zasa na energetikov.<\/p>\n\n\n\n<p>&nbsp;Pravdou ale je, \u017ee mnoh\u00e9 slovensk\u00e9 panel\u00e1ky boli projektovan\u00e9 a&nbsp;postaven\u00e9 tak, \u017ee \u0161achty s&nbsp;rozvodmi vody s\u00fa ve\u013emi \u00fazke a&nbsp;tak potrubia s&nbsp;pitnou vodou, s&nbsp;teplou \u00fa\u017eitkovou vodou, s&nbsp;odpadovou vodou a&nbsp;plynom s\u00fa spolu v&nbsp;tom malom priestore plus s\u00fa tam e\u0161te umiestnen\u00e9 aj dva vodomery a&nbsp;jeden plynomer! Realita je \u010dasto tak\u00e1, \u017ee potrubia so studenou (pitnou) a&nbsp;teplou \u00fa\u017eitkovou vodou sa viackr\u00e1t kri\u017euj\u00fa, resp. neraz aj nieko\u013eko metrov v&nbsp;kuse sa navz\u00e1jom dot\u00fdkaj\u00fa, \u010do ochladzuje tepl\u00fa \u00fa\u017eitkov\u00fa vodu a&nbsp;naopak m\u00f4\u017ee ohrieva\u0165 a&nbsp;t\u00fdm zni\u017eova\u0165 kvalitu a&nbsp;zdravotn\u00fa bezpe\u010dnos\u0165 pitnej vody, ktor\u00e1 na koh\u00fatiku u&nbsp;spotrebite\u013ea m\u00e1 ma\u0165 8 a\u017e 12\u00b0C.<\/p>\n\n\n\n<p>A\u00a0to v\u0161etko m\u00f4\u017ee by\u0165 a\u00a0aj b\u00fdva vodou na mlyn pre legion\u00e1rsku chorobu, ktor\u00e1 sa \u0161\u00edri vodou!<br><br><hr class=\"no_line\" style=\"margin: 0 auto 30px auto\"\/>\n<br><\/p>\n\n\n<div class=\"blockquote\"><span class=\"mfn-blockquote-icon\"><i class=\"icon-quote\" aria-hidden=\"true\"><\/i><\/span><blockquote class=\"mfn-inline-editor\"><br \/>\nPr\u00e1ve pre ochladzovanie teplej \u00fa\u017eitkovej vody v\u00a0potrub\u00ed by pracovn\u00edci region\u00e1lnych \u00faradov verejn\u00e9ho zdravotn\u00edctva mali ma\u0165 pr\u00e1vo kontrolova\u0165 kvalitu (teplotu) T\u00daV v\u00a0bytov\u00fdch domoch.<br \/>\n<\/blockquote><\/div>\n\n\n\n\n<p><br><hr class=\"no_line\" style=\"margin: 0 auto 30px auto\"\/>\n<\/p>\n\n\n\n<h3 class=\"wp-block-heading\">Ide\u00e1lna pre bakt\u00e9rie?<\/h3>\n\n\n\n<p>Tepl\u00e1 \u00fa\u017eitkov\u00e1 voda m\u00e1 ma\u0165 na v\u00fdtoku u&nbsp;kone\u010dn\u00e9ho spotrebite\u013ea najmenej 50 a&nbsp;najviac na 55\u00b0C v&nbsp;zmysle u\u017e spom\u00ednan\u00e9ho z\u00e1kona a&nbsp;Vyhl\u00e1\u0161ky Ministerstva zdravotn\u00edctva Slovenskej republiky \u010d\u00edslo 91\/2023 Z. z., ktorou sa ustanovuj\u00fa ukazovatele a&nbsp;limitn\u00e9 hodnoty kvality pitnej vody a&nbsp;kvality teplej vody, postup pri monitorovan\u00ed pitnej vody, mana\u017ement riz\u00edk syst\u00e9mu z\u00e1sobovania pitnou vodou a&nbsp;mana\u017ement riz\u00edk domov\u00fdch rozvodn\u00fdch syst\u00e9mov (\u010falej len Vyhl\u00e1\u0161ka).<\/p>\n\n\n\n<p>Pripome\u0148me, \u017ee za kvalitu teplej vody s\u00fa zodpovedn\u00ed jej dod\u00e1vatelia, pr\u00edzvukuje z\u00e1kon \u010d. 355\/2007 Z. z. v&nbsp;paragrafe 17e.<\/p>\n\n\n\n<p><em>\u201eIde\u00e1lna teplota pre rozmno\u017eovanie legionel je v&nbsp;rozmedz\u00ed 25 &#8211; 42 \u00b0C \u010di\u017ee ochladzovanie teplej \u00fa\u017eitkovej vody v&nbsp;potrub\u00ed dot\u00fdkaj\u00facom sa rozvodu pitnej vody naozaj m\u00f4\u017ee z&nbsp;h\u013eadiska \u0161\u00edrenia bakt\u00e9ri\u00ed rodu Legionella nebezpe\u010dne ohrozova\u0165 \u017eivot a&nbsp;zdravie \u010dloveka. Naj\u010dastej\u0161\u00edm p\u00f4vodcom ochorenia je druh Legionella pneumophila,\u201c<\/em> zv\u00fdraznila PhDr. Ivana Mikov\u00e1, MPH, ved\u00faca oddelenia hygieny pitnej vody a&nbsp;vody na k\u00fapanie Odboru hygieny \u017eivotn\u00e9ho prostredia a&nbsp;zdravia Region\u00e1lneho \u00faradu verejn\u00e9ho zdravotn\u00edctva (R\u00daVZ) so s\u00eddlom v&nbsp;Ko\u0161iciach.<\/p>\n\n\n\n<p>\u00c1no, aj pr\u00e1ve pre ochladzovanie teplej \u00fa\u017eitkovej vody v&nbsp;potrub\u00ed by pracovn\u00edci region\u00e1lnych \u00faradov verejn\u00e9ho zdravotn\u00edctva mali ma\u0165 pr\u00e1vo kontrolova\u0165 kvalitu (teplotu) T\u00daV v&nbsp;bytov\u00fdch domoch. Av\u0161ak nem\u00f4\u017eu, ako to na spom\u00ednanej konferencii o&nbsp;kvalite vody zd\u00f4raznila pani doktorka. \u017diaden z\u00e1kon \u010di in\u00fd pr\u00e1vny predpis im to nateraz nedovo\u013euje! A&nbsp;tak maj\u00fa v&nbsp;ur\u010ditom zmysle slova obmedzen\u00fa mo\u017enos\u0165 chr\u00e1ni\u0165 obyvate\u013estvo pred infekciou sp\u00f4sobenou bakt\u00e9riou legionela.<\/p>\n\n\n\n<p>Doktorka Mikov\u00e1 z\u00e1rove\u0148 zv\u00fdraznila, \u017ee <em>\u201evo v\u0161eobecnosti je schopnos\u0165 bakt\u00e9ri\u00ed sp\u00f4sobi\u0165 u&nbsp;\u010dloveka infekciu menliv\u00e1 a&nbsp;z\u00e1vis\u00ed \u010diasto\u010dne od obranyschopnosti konkr\u00e9tnej osoby. N\u00e1chylnej\u0161ie na infekcie s\u00fa osoby s&nbsp;oslabenou imunitou, \u013eudia po transplant\u00e1cii org\u00e1nov, pacienti s&nbsp;chronick\u00fdmi ochoreniami, imunokompromitovan\u00e9 osoby, faj\u010diari \u010di osoby, ktor\u00e9 nadmerne po\u017e\u00edvaj\u00fa alkohol.\u201c<\/em><\/p>\n\n\n\n<p>V\u0161etko ale z\u00e1vis\u00ed aj od schopnosti bakt\u00e9ri\u00ed vyvola\u0165 ochorenie. Niektor\u00e9 kmene bakt\u00e9ri\u00ed (a&nbsp;t\u00fdka sa to aj legionely) s\u00fa jednoducho povedan\u00e9 &#8211; virulentnej\u0161ie, \u010do znamen\u00e1, \u017ee maj\u00fa v\u00e4\u010d\u0161iu schopnos\u0165 r\u00fdchlo nakazi\u0165 \u010dloveka a&nbsp;vyvola\u0165 u neho ochorenie ne\u017e niektor\u00e9 in\u00e9 kmene tej istej bakt\u00e9rie.<\/p>\n\n\n\n<p>&nbsp;\u00c1no, aj tento faktor treba bra\u0165 do \u00favahy, zv\u00fdraznila doktorka Mikov\u00e1 a&nbsp;na ot\u00e1zku, ako to do bud\u00facna bude s&nbsp;kontrolou kvality teplej vody v&nbsp;bytov\u00fdch domoch zopakovala, \u017ee pracovn\u00edci \u00faradov verejn\u00e9ho zdravotn\u00edctva nateraz naozaj nemaj\u00fa \u017eiaden legislat\u00edvny n\u00e1stroj na to, aby mohli v&nbsp;bytov\u00fdch domoch kontrolova\u0165 teplotu a&nbsp;kvalitu teplej \u00fa\u017eitkovej vody (T\u00daV), ale jedn\u00fdm dychom dodala, \u017ee na to by bolo nevyhnutn\u00e9 zmeni\u0165 citovan\u00fd z\u00e1kon aj predmetn\u00fa Vyhl\u00e1\u0161ku.<\/p>\n\n\n\n<h3 class=\"wp-block-heading\">Len pre prioritn\u00e9 priestory<\/h3>\n\n\n\n<p>Moment\u00e1lne je toti\u017e tak\u00e1 situ\u00e1cia, \u017ee aktu\u00e1lna Vyhl\u00e1\u0161ka stanovuje limity pre bakt\u00e9rie rodu Legionella len pre prioritn\u00e9 priestory, ak\u00fdmi z&nbsp;h\u013eadiska rizika pr\u00edtomnosti legionel s\u00fa zdravotn\u00edcke zariadenia \u00fastavnej zdravotnej starostlivosti, zubn\u00e9 ambulancie, zariadenia soci\u00e1lnych slu\u017eieb poskytuj\u00face soci\u00e1lnu slu\u017ebu pobytovou formou, ubytovacie zariadenia \u010di umel\u00e9 k\u00fapalisk\u00e1.<\/p>\n\n\n\n<p>\u201eVyhl\u00e1\u0161ka sa v\u0161ak nevz\u0165ahuje na bytov\u00e9 domy, ktor\u00e9 s\u00fa navy\u0161e s\u00fakromn\u00fdm, nie podnikate\u013esk\u00fdm sektorom. Pod\u013ea na\u0161ich inform\u00e1ci\u00ed sa moment\u00e1lne pripravuje novela citovan\u00e9ho z\u00e1kona \u010d. 355\/2007 Z.z., ale v&nbsp;akom je to \u0161t\u00e1diu a&nbsp;ak\u00e9 bud\u00fa pr\u00edpadne zmeny v&nbsp;legislat\u00edve vr\u00e1tane z\u00e1kona a&nbsp;s\u00favisiacej Vyhl\u00e1\u0161ky, zatia\u013e nevedno,\u201c uzavrela t\u00e9mu doktorka Mikov\u00e1. <br>(fur.)<br>Ilustra\u010dn\u00e9 foto: shutterstock<\/p>\n","protected":false},"excerpt":{"rendered":"<p>Boju s&nbsp;legion\u00e1rskou chorobou stoja v&nbsp;ceste legislat\u00edvne prek\u00e1\u017eky Pod \u0161\u00edrenie legion\u00e1rskej choroby, ktorej sa verejnos\u0165 v\u017edy pr\u00e1vom ob\u00e1va, sa okrem mnoh\u00fdch in\u00fdch faktorov m\u00f4\u017ee spolupodpisova\u0165 aj to,<span class=\"excerpt-hellip\"> [\u2026]<\/span><\/p>\n","protected":false},"author":1,"featured_media":2653,"comment_status":"open","ping_status":"open","sticky":false,"template":"","format":"standard","meta":{"_monsterinsights_skip_tracking":false,"_monsterinsights_sitenote_active":false,"_monsterinsights_sitenote_note":"","_monsterinsights_sitenote_category":0,"footnotes":""},"categories":[13],"tags":[26,28],"class_list":["post-2652","post","type-post","status-publish","format-standard","has-post-thumbnail","hentry","category-tema","tag-02-2024","tag-tema"],"yoast_head":"<!-- This site is optimized with the Yoast SEO plugin v25.5 - https:\/\/yoast.com\/wordpress\/plugins\/seo\/ -->\n<title>Ke\u010f sa tepl\u00e1 bije so studenou\u2026 - Vod\u00e1rensk\u00e9 Poh\u013eady<\/title>\n<meta name=\"robots\" content=\"index, follow, max-snippet:-1, max-image-preview:large, max-video-preview:-1\" \/>\n<link rel=\"canonical\" href=\"https:\/\/www.vodarenskepohlady.sk\/?p=2652\" \/>\n<meta property=\"og:locale\" content=\"sk_SK\" \/>\n<meta property=\"og:type\" content=\"article\" \/>\n<meta property=\"og:title\" content=\"Ke\u010f sa tepl\u00e1 bije so studenou\u2026 - Vod\u00e1rensk\u00e9 Poh\u013eady\" \/>\n<meta property=\"og:description\" content=\"Boju s&nbsp;legion\u00e1rskou chorobou stoja v&nbsp;ceste legislat\u00edvne prek\u00e1\u017eky Pod \u0161\u00edrenie legion\u00e1rskej choroby, ktorej sa verejnos\u0165 v\u017edy pr\u00e1vom ob\u00e1va, sa okrem mnoh\u00fdch in\u00fdch faktorov m\u00f4\u017ee spolupodpisova\u0165 aj to, [\u2026]\" \/>\n<meta property=\"og:url\" content=\"https:\/\/www.vodarenskepohlady.sk\/?p=2652\" \/>\n<meta property=\"og:site_name\" content=\"Vod\u00e1rensk\u00e9 Poh\u013eady\" \/>\n<meta property=\"article:published_time\" content=\"2024-09-15T18:37:04+00:00\" \/>\n<meta property=\"article:modified_time\" content=\"2024-11-19T15:25:45+00:00\" \/>\n<meta property=\"og:image\" content=\"https:\/\/www.vodarenskepohlady.sk\/wp-content\/uploads\/2024\/09\/sprcha.jpg\" \/>\n\t<meta property=\"og:image:width\" content=\"1280\" \/>\n\t<meta property=\"og:image:height\" content=\"1920\" \/>\n\t<meta property=\"og:image:type\" content=\"image\/jpeg\" \/>\n<meta name=\"author\" content=\"vodarenskepohlad\" \/>\n<meta name=\"twitter:card\" content=\"summary_large_image\" \/>\n<meta name=\"twitter:label1\" content=\"Autor\" \/>\n\t<meta name=\"twitter:data1\" content=\"vodarenskepohlad\" \/>\n\t<meta name=\"twitter:label2\" content=\"Predpokladan\u00fd \u010das \u010d\u00edtania\" \/>\n\t<meta name=\"twitter:data2\" content=\"5 min\u00fat\" \/>\n<script type=\"application\/ld+json\" class=\"yoast-schema-graph\">{\"@context\":\"https:\/\/schema.org\",\"@graph\":[{\"@type\":\"WebPage\",\"@id\":\"https:\/\/www.vodarenskepohlady.sk\/?p=2652\",\"url\":\"https:\/\/www.vodarenskepohlady.sk\/?p=2652\",\"name\":\"Ke\u010f sa tepl\u00e1 bije so studenou\u2026 - Vod\u00e1rensk\u00e9 Poh\u013eady\",\"isPartOf\":{\"@id\":\"https:\/\/www.vodarenskepohlady.sk\/#website\"},\"primaryImageOfPage\":{\"@id\":\"https:\/\/www.vodarenskepohlady.sk\/?p=2652#primaryimage\"},\"image\":{\"@id\":\"https:\/\/www.vodarenskepohlady.sk\/?p=2652#primaryimage\"},\"thumbnailUrl\":\"https:\/\/www.vodarenskepohlady.sk\/wp-content\/uploads\/2024\/09\/sprcha.jpg\",\"datePublished\":\"2024-09-15T18:37:04+00:00\",\"dateModified\":\"2024-11-19T15:25:45+00:00\",\"author\":{\"@id\":\"https:\/\/www.vodarenskepohlady.sk\/#\/schema\/person\/b0323457be19929ac24a7dfd05dd5e86\"},\"breadcrumb\":{\"@id\":\"https:\/\/www.vodarenskepohlady.sk\/?p=2652#breadcrumb\"},\"inLanguage\":\"sk-SK\",\"potentialAction\":[{\"@type\":\"ReadAction\",\"target\":[\"https:\/\/www.vodarenskepohlady.sk\/?p=2652\"]}]},{\"@type\":\"ImageObject\",\"inLanguage\":\"sk-SK\",\"@id\":\"https:\/\/www.vodarenskepohlady.sk\/?p=2652#primaryimage\",\"url\":\"https:\/\/www.vodarenskepohlady.sk\/wp-content\/uploads\/2024\/09\/sprcha.jpg\",\"contentUrl\":\"https:\/\/www.vodarenskepohlady.sk\/wp-content\/uploads\/2024\/09\/sprcha.jpg\",\"width\":1280,\"height\":1920},{\"@type\":\"BreadcrumbList\",\"@id\":\"https:\/\/www.vodarenskepohlady.sk\/?p=2652#breadcrumb\",\"itemListElement\":[{\"@type\":\"ListItem\",\"position\":1,\"name\":\"Home\",\"item\":\"https:\/\/www.vodarenskepohlady.sk\/\"},{\"@type\":\"ListItem\",\"position\":2,\"name\":\"Ke\u010f sa tepl\u00e1 bije so studenou\u2026\"}]},{\"@type\":\"WebSite\",\"@id\":\"https:\/\/www.vodarenskepohlady.sk\/#website\",\"url\":\"https:\/\/www.vodarenskepohlady.sk\/\",\"name\":\"Vod\u00e1rensk\u00e9 Poh\u013eady\",\"description\":\"\",\"potentialAction\":[{\"@type\":\"SearchAction\",\"target\":{\"@type\":\"EntryPoint\",\"urlTemplate\":\"https:\/\/www.vodarenskepohlady.sk\/?s={search_term_string}\"},\"query-input\":{\"@type\":\"PropertyValueSpecification\",\"valueRequired\":true,\"valueName\":\"search_term_string\"}}],\"inLanguage\":\"sk-SK\"},{\"@type\":\"Person\",\"@id\":\"https:\/\/www.vodarenskepohlady.sk\/#\/schema\/person\/b0323457be19929ac24a7dfd05dd5e86\",\"name\":\"vodarenskepohlad\",\"image\":{\"@type\":\"ImageObject\",\"inLanguage\":\"sk-SK\",\"@id\":\"https:\/\/www.vodarenskepohlady.sk\/#\/schema\/person\/image\/\",\"url\":\"https:\/\/secure.gravatar.com\/avatar\/96a89b7f123b4e155c2498f82e087269?s=96&d=mm&r=g\",\"contentUrl\":\"https:\/\/secure.gravatar.com\/avatar\/96a89b7f123b4e155c2498f82e087269?s=96&d=mm&r=g\",\"caption\":\"vodarenskepohlad\"},\"sameAs\":[\"https:\/\/www.vodarenskepohlady.sk\"],\"url\":\"https:\/\/www.vodarenskepohlady.sk\/?author=1\"}]}<\/script>\n<!-- \/ Yoast SEO plugin. -->","yoast_head_json":{"title":"Ke\u010f sa tepl\u00e1 bije so studenou\u2026 - Vod\u00e1rensk\u00e9 Poh\u013eady","robots":{"index":"index","follow":"follow","max-snippet":"max-snippet:-1","max-image-preview":"max-image-preview:large","max-video-preview":"max-video-preview:-1"},"canonical":"https:\/\/www.vodarenskepohlady.sk\/?p=2652","og_locale":"sk_SK","og_type":"article","og_title":"Ke\u010f sa tepl\u00e1 bije so studenou\u2026 - Vod\u00e1rensk\u00e9 Poh\u013eady","og_description":"Boju s&nbsp;legion\u00e1rskou chorobou stoja v&nbsp;ceste legislat\u00edvne prek\u00e1\u017eky Pod \u0161\u00edrenie legion\u00e1rskej choroby, ktorej sa verejnos\u0165 v\u017edy pr\u00e1vom ob\u00e1va, sa okrem mnoh\u00fdch in\u00fdch faktorov m\u00f4\u017ee spolupodpisova\u0165 aj to, [\u2026]","og_url":"https:\/\/www.vodarenskepohlady.sk\/?p=2652","og_site_name":"Vod\u00e1rensk\u00e9 Poh\u013eady","article_published_time":"2024-09-15T18:37:04+00:00","article_modified_time":"2024-11-19T15:25:45+00:00","og_image":[{"width":1280,"height":1920,"url":"https:\/\/www.vodarenskepohlady.sk\/wp-content\/uploads\/2024\/09\/sprcha.jpg","type":"image\/jpeg"}],"author":"vodarenskepohlad","twitter_card":"summary_large_image","twitter_misc":{"Autor":"vodarenskepohlad","Predpokladan\u00fd \u010das \u010d\u00edtania":"5 min\u00fat"},"schema":{"@context":"https:\/\/schema.org","@graph":[{"@type":"WebPage","@id":"https:\/\/www.vodarenskepohlady.sk\/?p=2652","url":"https:\/\/www.vodarenskepohlady.sk\/?p=2652","name":"Ke\u010f sa tepl\u00e1 bije so studenou\u2026 - Vod\u00e1rensk\u00e9 Poh\u013eady","isPartOf":{"@id":"https:\/\/www.vodarenskepohlady.sk\/#website"},"primaryImageOfPage":{"@id":"https:\/\/www.vodarenskepohlady.sk\/?p=2652#primaryimage"},"image":{"@id":"https:\/\/www.vodarenskepohlady.sk\/?p=2652#primaryimage"},"thumbnailUrl":"https:\/\/www.vodarenskepohlady.sk\/wp-content\/uploads\/2024\/09\/sprcha.jpg","datePublished":"2024-09-15T18:37:04+00:00","dateModified":"2024-11-19T15:25:45+00:00","author":{"@id":"https:\/\/www.vodarenskepohlady.sk\/#\/schema\/person\/b0323457be19929ac24a7dfd05dd5e86"},"breadcrumb":{"@id":"https:\/\/www.vodarenskepohlady.sk\/?p=2652#breadcrumb"},"inLanguage":"sk-SK","potentialAction":[{"@type":"ReadAction","target":["https:\/\/www.vodarenskepohlady.sk\/?p=2652"]}]},{"@type":"ImageObject","inLanguage":"sk-SK","@id":"https:\/\/www.vodarenskepohlady.sk\/?p=2652#primaryimage","url":"https:\/\/www.vodarenskepohlady.sk\/wp-content\/uploads\/2024\/09\/sprcha.jpg","contentUrl":"https:\/\/www.vodarenskepohlady.sk\/wp-content\/uploads\/2024\/09\/sprcha.jpg","width":1280,"height":1920},{"@type":"BreadcrumbList","@id":"https:\/\/www.vodarenskepohlady.sk\/?p=2652#breadcrumb","itemListElement":[{"@type":"ListItem","position":1,"name":"Home","item":"https:\/\/www.vodarenskepohlady.sk\/"},{"@type":"ListItem","position":2,"name":"Ke\u010f sa tepl\u00e1 bije so studenou\u2026"}]},{"@type":"WebSite","@id":"https:\/\/www.vodarenskepohlady.sk\/#website","url":"https:\/\/www.vodarenskepohlady.sk\/","name":"Vod\u00e1rensk\u00e9 Poh\u013eady","description":"","potentialAction":[{"@type":"SearchAction","target":{"@type":"EntryPoint","urlTemplate":"https:\/\/www.vodarenskepohlady.sk\/?s={search_term_string}"},"query-input":{"@type":"PropertyValueSpecification","valueRequired":true,"valueName":"search_term_string"}}],"inLanguage":"sk-SK"},{"@type":"Person","@id":"https:\/\/www.vodarenskepohlady.sk\/#\/schema\/person\/b0323457be19929ac24a7dfd05dd5e86","name":"vodarenskepohlad","image":{"@type":"ImageObject","inLanguage":"sk-SK","@id":"https:\/\/www.vodarenskepohlady.sk\/#\/schema\/person\/image\/","url":"https:\/\/secure.gravatar.com\/avatar\/96a89b7f123b4e155c2498f82e087269?s=96&d=mm&r=g","contentUrl":"https:\/\/secure.gravatar.com\/avatar\/96a89b7f123b4e155c2498f82e087269?s=96&d=mm&r=g","caption":"vodarenskepohlad"},"sameAs":["https:\/\/www.vodarenskepohlady.sk"],"url":"https:\/\/www.vodarenskepohlady.sk\/?author=1"}]}},"_links":{"self":[{"href":"https:\/\/www.vodarenskepohlady.sk\/index.php?rest_route=\/wp\/v2\/posts\/2652","targetHints":{"allow":["GET"]}}],"collection":[{"href":"https:\/\/www.vodarenskepohlady.sk\/index.php?rest_route=\/wp\/v2\/posts"}],"about":[{"href":"https:\/\/www.vodarenskepohlady.sk\/index.php?rest_route=\/wp\/v2\/types\/post"}],"author":[{"embeddable":true,"href":"https:\/\/www.vodarenskepohlady.sk\/index.php?rest_route=\/wp\/v2\/users\/1"}],"replies":[{"embeddable":true,"href":"https:\/\/www.vodarenskepohlady.sk\/index.php?rest_route=%2Fwp%2Fv2%2Fcomments&post=2652"}],"version-history":[{"count":5,"href":"https:\/\/www.vodarenskepohlady.sk\/index.php?rest_route=\/wp\/v2\/posts\/2652\/revisions"}],"predecessor-version":[{"id":2930,"href":"https:\/\/www.vodarenskepohlady.sk\/index.php?rest_route=\/wp\/v2\/posts\/2652\/revisions\/2930"}],"wp:featuredmedia":[{"embeddable":true,"href":"https:\/\/www.vodarenskepohlady.sk\/index.php?rest_route=\/wp\/v2\/media\/2653"}],"wp:attachment":[{"href":"https:\/\/www.vodarenskepohlady.sk\/index.php?rest_route=%2Fwp%2Fv2%2Fmedia&parent=2652"}],"wp:term":[{"taxonomy":"category","embeddable":true,"href":"https:\/\/www.vodarenskepohlady.sk\/index.php?rest_route=%2Fwp%2Fv2%2Fcategories&post=2652"},{"taxonomy":"post_tag","embeddable":true,"href":"https:\/\/www.vodarenskepohlady.sk\/index.php?rest_route=%2Fwp%2Fv2%2Ftags&post=2652"}],"curies":[{"name":"wp","href":"https:\/\/api.w.org\/{rel}","templated":true}]}}