{"id":2434,"date":"2024-01-30T10:19:16","date_gmt":"2024-01-30T09:19:16","guid":{"rendered":"https:\/\/www.vodarenskepohlady.sk\/?p=2434"},"modified":"2024-12-18T10:42:11","modified_gmt":"2024-12-18T09:42:11","slug":"test","status":"publish","type":"post","link":"https:\/\/www.vodarenskepohlady.sk\/?p=2434","title":{"rendered":"Ako sa hovor\u00ed, je dospel\u00e1, kr\u00e1sna, \u0161ikovn\u00e1 a m\u00fadra &#8211; u\u017e sa m\u00f4\u017ee vyd\u00e1va\u0165"},"content":{"rendered":"\n<h2 class=\"wp-block-heading has-x-large-font-size\">Asoci\u00e1cia vod\u00e1rensk\u00fdch spolo\u010dnost\u00ed<\/h2>\n\n\n<div class=\"wp-block-image\">\n<figure class=\"alignleft size-full is-resized\"><img loading=\"lazy\" decoding=\"async\" width=\"488\" height=\"366\" src=\"https:\/\/www.vodarenskepohlady.sk\/wp-content\/uploads\/2024\/08\/AVS.png\" alt=\"\" class=\"wp-image-2522\" style=\"width:178px;height:auto\" srcset=\"https:\/\/www.vodarenskepohlady.sk\/wp-content\/uploads\/2024\/08\/AVS.png 488w, https:\/\/www.vodarenskepohlady.sk\/wp-content\/uploads\/2024\/08\/AVS-300x225.png 300w, https:\/\/www.vodarenskepohlady.sk\/wp-content\/uploads\/2024\/08\/AVS-100x75.png 100w, https:\/\/www.vodarenskepohlady.sk\/wp-content\/uploads\/2024\/08\/AVS-480x360.png 480w\" sizes=\"auto, (max-width:767px) 480px, 488px\" \/><\/figure><\/div>\n\n\n<p><strong>Tento rok m\u00e1 pre vod\u00e1rensk\u00fa obec trochu sl\u00e1vnostn\u00fa pr\u00edchu\u0165. Na september chyst\u00e1 Asoci\u00e1cia vod\u00e1rensk\u00fdch spolo\u010dnost\u00ed (AVS) jubilejn\u00fa oslavu 20. v\u00fdro\u010dia jej vzniku. Aj v&nbsp;redakcii Vod\u00e1rensk\u00fdch poh\u013eadov pripravujeme \u0161peci\u00e1lne 3. vydanie, v&nbsp;ktorom si zaspom\u00edname, porozpr\u00e1vame sa s&nbsp;osobami, ktor\u00e9 sa na jej \u017eivote podie\u013eaj\u00fa, \u010di ho kedysi pomohli formova\u0165 a&nbsp;pripijeme si na zdravie Asoci\u00e1cie. Samozrejme s&nbsp;poh\u00e1rom Vodovodnej, ako inak\ud83d\ude0a.<br>Predt\u00fdm V\u00e1m v\u0161ak chcem pon\u00faknu\u0165 mal\u00fa ochutn\u00e1vku z&nbsp;osl\u00e1v jubilea, v&nbsp;podobe kr\u00e1tkeho poh\u013eadu do hist\u00f3rie a&nbsp;dvoch rozhovorov. Ale pekne poporiadku.<\/strong><\/p>\n\n\n\n<h4 class=\"wp-block-heading has-text-align-left\">Zac\u00favajme sp\u00e4\u0165 o&nbsp;20 rokov<\/h4>\n\n\n\n<p>Pri naroden\u00ed AVS sa stali sudi\u010dkami odv\u00e1\u017eni zakladatelia: v&nbsp;tom \u010dase gener\u00e1lny riadite\u013e BVS, a.s. <strong>Ing. Daniel Gemeran <\/strong>(stal sa prv\u00fdm predsedom Spr\u00e1vnej rady Asoci\u00e1cie) a&nbsp;<strong>Ing. Stanislav Hreha, PhD., <\/strong>&#8211; vtedy gener\u00e1lny riadite\u013e a&nbsp;predseda predstavenstva VVS, a.s. (z\u00e1rove\u0148 prv\u00fd podpredseda Spr\u00e1vnej rady AVS) a&nbsp;dnes prezident Asoci\u00e1cie.<br>Pr\u00e1ve oni boli inici\u00e1tormi zasadnutia pr\u00edpravn\u00e9ho v\u00fdboru (9.&nbsp;1.&nbsp;2004), ktor\u00e9ho \u010dinnos\u0165 bola uzavret\u00e1 zalo\u017een\u00edm a&nbsp;n\u00e1slednou registr\u00e1ciou zdru\u017eenia Asoci\u00e1cia vod\u00e1rensk\u00fdch spolo\u010dnost\u00ed.<br>Prv\u00fd snem konan\u00fd 12. febru\u00e1ra 2004 v&nbsp;Bratislave bol term\u00ednom prijatia 7 vod\u00e1rensk\u00fdch akciov\u00fdch spolo\u010dnost\u00ed za \u010dlenov. Vst\u00fapili teda do nej:<br>V\u00fdchodoslovensk\u00e1 vod\u00e1rensk\u00e1 spolo\u010dnos\u0165, Z\u00e1padoslovensk\u00e1 vod\u00e1rensk\u00e1 spolo\u010dnos\u0165, Tren\u010dianska vodohospod\u00e1rska spolo\u010dnos\u0165, Trnavsk\u00e1 vod\u00e1rensk\u00e1 spolo\u010dnos\u0165, KOMVAK&nbsp;\u2013 vod\u00e1rne a&nbsp;kanaliz\u00e1cie mesta Kom\u00e1rno, Severoslovensk\u00e1 vod\u00e1rensk\u00e1 spolo\u010dnos\u0165 a&nbsp;samozrejme Bratislavsk\u00e1 vod\u00e1rensk\u00e1 spolo\u010dnos\u0165. Postupne vstupovali do radov zdru\u017eenia \u010fal\u0161ie vod\u00e1rensk\u00e9 spolo\u010dnosti.<br>Dnes, po dvoch desa\u0165ro\u010diach, m\u00e1 AVS p\u00e4tn\u00e1s\u0165 \u010dlenov, z&nbsp;toho 13 riadnych a&nbsp;2 mimoriadnych \u010dlenov.<\/p>\n\n\n\n<h4 class=\"wp-block-heading\">\u0160\u0165astie praje pripraven\u00fdm, no v\u00edzie si \u017eiadaj\u00fa odvahu<\/h4>\n\n\n\n<p>Ak som spom\u00ednala odvahu inici\u00e1torov, mala by som vysvetli\u0165 detaily kontextu doby i&nbsp;vod\u00e1renstva\u2026<br>Je 15 rokov po ne\u017enej revol\u00facii. Ak ostaneme v&nbsp;neonat\u00e1lnej a&nbsp;v\u00fdvojovej metafore, demokracia m\u00e1 svoju prv\u00fa pubertu, trhov\u00e9 hospod\u00e1rstvo sa u\u010d\u00ed chodi\u0165, marketing u\u017e sk\u00fa\u0161a sedie\u0165, ale e\u0161te m\u00e1 plienky, vod\u00e1rensk\u00e1 infra\u0161trukt\u00fara klope na dvere domovu d\u00f4chodcov\u2026. V&nbsp;tomto ne\u010dase sa \u0161t\u00e1tne podniky vod\u00e1rn\u00ed a&nbsp;kanaliz\u00e1ci\u00ed pripravuj\u00fa ku transform\u00e1cii na klasick\u00e9 obchodn\u00e9 spolo\u010dnosti, presnej\u0161ie, na akciov\u00e9 spolo\u010dnosti.<br>Syst\u00e9m doteraz \u0161t\u00e1tnych podnikov bol podporen\u00fd Zv\u00e4zom zamestn\u00e1vate\u013eov vo vodnom hospod\u00e1rstve.<br>Inici\u00e1tori pr\u00edpravn\u00e9ho v\u00fdboru si uvedomovali stav a&nbsp;vedeli, \u017ee nastal \u010das na z\u00e1sadn\u00e9 zmeny. Transforma\u010dn\u00e1 \u00faprava vlastn\u00edckych vz\u0165ahov ku infra\u0161trukt\u00fare vodovodn\u00fdch a&nbsp;kanaliza\u010dn\u00fdch siet\u00ed bola sp\u00fa\u0161\u0165a\u010dom potreby rie\u0161enia in\u00e9ho, resp. nov\u00e9ho profesion\u00e1lneho z\u00e1stupcu vod\u00e1rensk\u00fdch spolo\u010dnost\u00ed. Bolo nutn\u00e9 vyrie\u0161i\u0165 komunik\u00e1ciu akciov\u00fdch vod\u00e1rensk\u00fdch spolo\u010dnosti v&nbsp;zmysle ochrany ich z\u00e1ujmov, profesijn\u00fdch i&nbsp;legislat\u00edvnych po\u017eiadaviek a&nbsp;umiestni\u0165 ju d\u00f4stojne do eur\u00f3pskych kont\u00far vod\u00e1renstva.<br>Poveda\u0165, \u017ee vznikom Asoci\u00e1cie vod\u00e1rensk\u00fdch spolo\u010dnost\u00ed do\u0161lo k&nbsp;v\u00fdznamn\u00e9mu progresu vod\u00e1renstva na Slovensku, nebude v\u00f4bec nadnesen\u00e9.<br>Je preto logick\u00e9, \u017ee v&nbsp;tomto prol\u00f3gu k&nbsp;oslave sme o&nbsp;rozhovor poprosili dve spom\u00ednan\u00e9 osoby, zakladaj\u00facich \u010dlenov.<\/p>\n\n\n\n<p><\/p>\n\n\n\n<h4 class=\"wp-block-heading\">Rozhovor s&nbsp;Ing. Danielom Gemeranom<\/h4>\n\n\n<div class=\"wp-block-image\">\n<figure data-wp-context=\"{&quot;imageId&quot;:&quot;69f2989eed241&quot;}\" data-wp-interactive=\"core\/image\" class=\"alignleft size-large is-resized wp-lightbox-container\"><img loading=\"lazy\" decoding=\"async\" width=\"1011\" height=\"1200\" data-wp-class--hide=\"state.isContentHidden\" data-wp-class--show=\"state.isContentVisible\" data-wp-init=\"callbacks.setButtonStyles\" data-wp-on-async--click=\"actions.showLightbox\" data-wp-on-async--load=\"callbacks.setButtonStyles\" data-wp-on-async-window--resize=\"callbacks.setButtonStyles\" src=\"https:\/\/www.vodarenskepohlady.sk\/wp-content\/uploads\/2024\/07\/pan-Gemeran-1-1011x1200.jpg\" alt=\"\" class=\"wp-image-2445\" style=\"width:210px;height:auto\" srcset=\"https:\/\/www.vodarenskepohlady.sk\/wp-content\/uploads\/2024\/07\/pan-Gemeran-1-1011x1200.jpg 1011w, https:\/\/www.vodarenskepohlady.sk\/wp-content\/uploads\/2024\/07\/pan-Gemeran-1-421x500.jpg 421w, https:\/\/www.vodarenskepohlady.sk\/wp-content\/uploads\/2024\/07\/pan-Gemeran-1-253x300.jpg 253w, https:\/\/www.vodarenskepohlady.sk\/wp-content\/uploads\/2024\/07\/pan-Gemeran-1-768x912.jpg 768w, https:\/\/www.vodarenskepohlady.sk\/wp-content\/uploads\/2024\/07\/pan-Gemeran-1-1294x1536.jpg 1294w, https:\/\/www.vodarenskepohlady.sk\/wp-content\/uploads\/2024\/07\/pan-Gemeran-1-63x75.jpg 63w, https:\/\/www.vodarenskepohlady.sk\/wp-content\/uploads\/2024\/07\/pan-Gemeran-1-480x570.jpg 480w, https:\/\/www.vodarenskepohlady.sk\/wp-content\/uploads\/2024\/07\/pan-Gemeran-1.jpg 1325w\" sizes=\"auto, (max-width:767px) 480px, (max-width:1011px) 100vw, 1011px\" \/><button\n\t\t\tclass=\"lightbox-trigger\"\n\t\t\ttype=\"button\"\n\t\t\taria-haspopup=\"dialog\"\n\t\t\taria-label=\"Zv\u00e4\u010d\u0161i\u0165 obr\u00e1zok\"\n\t\t\tdata-wp-init=\"callbacks.initTriggerButton\"\n\t\t\tdata-wp-on-async--click=\"actions.showLightbox\"\n\t\t\tdata-wp-style--right=\"state.imageButtonRight\"\n\t\t\tdata-wp-style--top=\"state.imageButtonTop\"\n\t\t>\n\t\t\t<svg xmlns=\"http:\/\/www.w3.org\/2000\/svg\" width=\"12\" height=\"12\" fill=\"none\" viewBox=\"0 0 12 12\">\n\t\t\t\t<path fill=\"#fff\" d=\"M2 0a2 2 0 0 0-2 2v2h1.5V2a.5.5 0 0 1 .5-.5h2V0H2Zm2 10.5H2a.5.5 0 0 1-.5-.5V8H0v2a2 2 0 0 0 2 2h2v-1.5ZM8 12v-1.5h2a.5.5 0 0 0 .5-.5V8H12v2a2 2 0 0 1-2 2H8Zm2-12a2 2 0 0 1 2 2v2h-1.5V2a.5.5 0 0 0-.5-.5H8V0h2Z\" \/>\n\t\t\t<\/svg>\n\t\t<\/button><\/figure><\/div>\n\n\n<p><strong>Sk\u00faste sa, p\u00e1n Gemeran, vr\u00e1ti\u0165 v&nbsp;pam\u00e4ti o&nbsp;t\u00fdch 20 rokov sp\u00e4\u0165&nbsp;\u2013 ako hodnot\u00edte dnes situ\u00e1ciu, v&nbsp;ktorej vznikala AVS?<\/strong>Asoci\u00e1cia vznikala v&nbsp;situ\u00e1cii, kedy vod\u00e1rensk\u00fd majetok, aj povinnosti s&nbsp;n\u00edm spojen\u00e9, postupne preberali na celom \u00fazem\u00ed Slovenska \u013eudia poveren\u00ed akcion\u00e1rmi vod\u00e1rensk\u00fdch spolo\u010dnost\u00ed, teda mestami a&nbsp;obcami.<br>Prv\u00fd a&nbsp;posledn\u00fdkr\u00e1t som sa vtedy z\u00fa\u010dastnil pred Vianocami 2003 zasadnutia Zv\u00e4zu zamestn\u00e1vate\u013eov vo vodnom hospod\u00e1rstve, \u010do vtedy bolo zdru\u017eenie predstavite\u013eov zo \u0161t\u00e1tnych podnikov\u2026, \u010di\u017ee organiz\u00e1ci\u00ed vytvoren\u00fdch i&nbsp;riaden\u00fdch \u0161t\u00e1tom.<br>Program, organiz\u00e1cia i&nbsp;samotn\u00e1 atmosf\u00e9ra zasadnutia vy\u00fastili do m\u00f4jho presved\u010denia, \u017ee vod\u00e1rensk\u00e9 spolo\u010dnosti ako novovzniknut\u00e9 subjekty predur\u010den\u00e9 na svoju \u010dinnos\u0165 v&nbsp;nov\u00fdch podmienkach, nem\u00f4\u017eu osta\u0165 s\u00fa\u010das\u0165ou tohto zv\u00e4zu. Bolo mi jasn\u00e9, \u017ee treba v&nbsp;s\u00falade s&nbsp;\u00falohami na\u0161ich akcion\u00e1rov&nbsp;\u2013 miest a&nbsp;obc\u00ed, kreova\u0165 in\u00fa organiza\u010dn\u00fa z\u00e1klad\u0148u &#8211; asoci\u00e1ciu vrcholov\u00fdch predstavite\u013eov novovznikaj\u00facich vod\u00e1rensk\u00fdch spolo\u010dnost\u00ed.<br>Preto u\u017e za\u010diatkom roku 2004 sme najprv iba dvaja, s&nbsp;p\u00e1nom Hrehom, zalo\u017eili Asoci\u00e1ciu vod\u00e1rensk\u00fdch spolo\u010dnost\u00ed. A&nbsp;t\u00e1 sa postupne formovala \u010falej\u2026<\/p>\n\n\n\n<p><strong>Ako ste vn\u00edmali jej za\u010diatky, ako dok\u00e1zala vyjs\u0165 v&nbsp;\u00fastrety potreb\u00e1m \u010dlensk\u00fdch VS resp. akcioviek? Nov\u00e9 akciovky boli predsa len ekonomicky, geograficky i&nbsp;kvantitat\u00edvne in\u00e9.<\/strong><br>Ako ka\u017ed\u00fd za\u010diatok, aj ten n\u00e1\u0161 nebol jednoduch\u00fd. Ve\u013ea organiz\u00e1ci\u00ed, e\u0161te viac akcion\u00e1rov, probl\u00e9mov i&nbsp;n\u00e1zorov ako \u010do rie\u0161i\u0165\u2026 Ale pomaly sme sa s&nbsp;t\u00fdm vyrovnali, ka\u017ed\u00e1 vod\u00e1rensk\u00e1 spolo\u010dnos\u0165 v&nbsp;in\u00fdch, vlastn\u00fdch podmienkach a&nbsp;svoj\u00edm sp\u00f4sobom, rok po roku. Mysl\u00edm, \u017ee sme prechod zo \u0161t\u00e1tnych podnikov na akciov\u00e9 zvl\u00e1dli.<\/p>\n\n\n\n<p><strong>V&nbsp;\u00favode fungovania Asoci\u00e1cie ste boli dos\u0165 dlho v&nbsp;jej veden\u00ed, ako tie roky vn\u00edmate? \u010co bolo pre V\u00e1s naj\u0165a\u017e\u0161ie?<\/strong><br>\u00c1no, ke\u010f mi kolegovia v&nbsp;Asoci\u00e1cii na zasadnut\u00ed Spr\u00e1vnej rady navrhli (mysl\u00edm, \u017ee to bol p\u00e1n Hreha), aby som sa stal jej predsedom (aby som si zjedol, \u010do som si navaril\ud83d\ude0a), nemohol som to v&nbsp;tej situ\u00e1cii odmietnu\u0165. S\u00fahlasil som, ale s&nbsp;t\u00fdm, \u017ee sa vo veden\u00ed Asoci\u00e1cie budeme strieda\u0165.<br>Bolo toho ve\u013ea, ve\u013emi ve\u013ea na jednu osobu\u2026 A&nbsp;aj preto sme zalo\u017eili Kancel\u00e1riu asoci\u00e1cie. Jej prv\u00fdm ved\u00facim, resp. kancel\u00e1rom sa stal p\u00e1n Alexander Nagy, ktor\u00fd disponoval obsiahlymi sk\u00fasenos\u0165ami z&nbsp;vod\u00e1renstva na Slovensku. Aj t\u00fdmto by som mu r\u00e1d za jeho \u201cpioniersku\u201c pr\u00e1cu po\u010fakoval.<\/p>\n\n\n\n<p><strong>Ak by sa p\u00edsal rok 2004 dnes a&nbsp;mali by ste vtedy dne\u0161n\u00e9 sk\u00fasenosti, ak\u00e9 in\u00e9 kroky by ste urobili?<\/strong><br>Predsedom Spr\u00e1vnej rady AVS som bol iba do roku 2011. Jej v\u00fdvoj po tomto roku u\u017e vn\u00edmam iba sprostredkovane, na dia\u013eku. In\u00e1\u010d, v\u00e4\u010d\u0161\u00ed d\u00f4raz by som kl\u00e1dol na spolupr\u00e1cu so \u0161t\u00e1tnymi org\u00e1nmi, ktor\u00e9 \u010dinnos\u0165 vod\u00e1rensk\u00fdch spolo\u010dnost\u00ed svojimi kompetenciami bezprostredne ovplyv\u0148uj\u00fa. Najm\u00e4 s&nbsp;Ministerstvom \u017eivotn\u00e9ho prostredia SR a&nbsp;\u00daradom pre regul\u00e1ciu sie\u0165ov\u00fdch odvetv\u00ed.<\/p>\n\n\n\n<p><strong>Samostatnou ot\u00e1zkou je pre AVS fenom\u00e9n ceny vody\u2026<\/strong><br>\u00c1no, cena vody na Slovensku je ve\u013ek\u00fdm probl\u00e9mom a&nbsp;t\u00fdm, \u017ee sa tento probl\u00e9m dlhodobo nerie\u0161i a&nbsp;odklad\u00e1, jeho d\u00f4sledky za\u010dn\u00fa ohrozova\u0165 \u013eud\u00ed a&nbsp;ich z\u00e1sobovanie pitnou vodou a&nbsp;aj odkanalizovanie. Napriek tomu, \u017ee \u00daRSO je nepolitick\u00e1, nez\u00e1visl\u00e1 organiz\u00e1cia, ktor\u00e1 pri regul\u00e1cii vyu\u017e\u00edva iba ekonomick\u00e9 \u00fadaje, v&nbsp;realite je to in\u00e9. Podlieha tlakom tej ktorej vl\u00e1dy alebo strany v&nbsp;zmysle rie\u0161enia soci\u00e1lnych probl\u00e9mov, \u010do rozhodne nie je jej \u00falohou.<br>Sta\u010d\u00ed si porovna\u0165 cenu vody a&nbsp;jej v\u00fdvoj za roky samostatnej existencie Slovenskej a&nbsp;\u010ceskej republiky.<\/p>\n\n\n\n<p><strong>Sk\u00faste, p\u00e1n Gemeran, e\u0161te na z\u00e1ver p\u00e1s slov k&nbsp;AVS, \u010do by ste jej popriali alebo odpor\u00fa\u010dali?<\/strong><br>Mysl\u00edm, \u017ee Asoci\u00e1cia m\u00e1 u\u017e svoje \u201edetsk\u00e9 roky\u201c za sebou. Je etablovanou vod\u00e1renskou organiz\u00e1ciou s&nbsp;medzin\u00e1rodn\u00fdm p\u00f4soben\u00edm a&nbsp;uznan\u00edm. Je na nej, ako demokraticky p\u00f4sobiaca organiz\u00e1cia zhodnot\u00ed svoje doteraj\u0161ie p\u00f4sobenie, ako napl\u00e1nuje svoju \u010fal\u0161iu \u010dinnos\u0165, ak\u00e9 v&nbsp;nej navrhne zmeny\u2026 A&nbsp;ja, ako jeden z&nbsp;jej zakladaj\u00facich \u010dlenov, by som jej r\u00e1d do \u010fal\u0161\u00edch rokov poprial mnoho odvahy a&nbsp;vynaliezavosti.<br><\/p>\n\n\n\n<!--nextpage-->\n\n\n\n<h2 class=\"wp-block-heading\">Prezident AVS, Ing. Stanislav Hreha, PhD.<\/h2>\n\n\n<div class=\"wp-block-image\">\n<figure data-wp-context=\"{&quot;imageId&quot;:&quot;69f2989eed9f7&quot;}\" data-wp-interactive=\"core\/image\" class=\"alignleft size-large is-resized wp-lightbox-container\"><img loading=\"lazy\" decoding=\"async\" width=\"1011\" height=\"1200\" data-wp-class--hide=\"state.isContentHidden\" data-wp-class--show=\"state.isContentVisible\" data-wp-init=\"callbacks.setButtonStyles\" data-wp-on-async--click=\"actions.showLightbox\" data-wp-on-async--load=\"callbacks.setButtonStyles\" data-wp-on-async-window--resize=\"callbacks.setButtonStyles\" src=\"https:\/\/www.vodarenskepohlady.sk\/wp-content\/uploads\/2024\/07\/pan-Hreha-1011x1200.jpg\" alt=\"\" class=\"wp-image-2454\" style=\"width:210px;height:auto\" srcset=\"https:\/\/www.vodarenskepohlady.sk\/wp-content\/uploads\/2024\/07\/pan-Hreha-1011x1200.jpg 1011w, https:\/\/www.vodarenskepohlady.sk\/wp-content\/uploads\/2024\/07\/pan-Hreha-421x500.jpg 421w, https:\/\/www.vodarenskepohlady.sk\/wp-content\/uploads\/2024\/07\/pan-Hreha-253x300.jpg 253w, https:\/\/www.vodarenskepohlady.sk\/wp-content\/uploads\/2024\/07\/pan-Hreha-768x912.jpg 768w, https:\/\/www.vodarenskepohlady.sk\/wp-content\/uploads\/2024\/07\/pan-Hreha-1294x1536.jpg 1294w, https:\/\/www.vodarenskepohlady.sk\/wp-content\/uploads\/2024\/07\/pan-Hreha-63x75.jpg 63w, https:\/\/www.vodarenskepohlady.sk\/wp-content\/uploads\/2024\/07\/pan-Hreha-480x570.jpg 480w, https:\/\/www.vodarenskepohlady.sk\/wp-content\/uploads\/2024\/07\/pan-Hreha.jpg 1325w\" sizes=\"auto, (max-width:767px) 480px, (max-width:1011px) 100vw, 1011px\" \/><button\n\t\t\tclass=\"lightbox-trigger\"\n\t\t\ttype=\"button\"\n\t\t\taria-haspopup=\"dialog\"\n\t\t\taria-label=\"Zv\u00e4\u010d\u0161i\u0165 obr\u00e1zok\"\n\t\t\tdata-wp-init=\"callbacks.initTriggerButton\"\n\t\t\tdata-wp-on-async--click=\"actions.showLightbox\"\n\t\t\tdata-wp-style--right=\"state.imageButtonRight\"\n\t\t\tdata-wp-style--top=\"state.imageButtonTop\"\n\t\t>\n\t\t\t<svg xmlns=\"http:\/\/www.w3.org\/2000\/svg\" width=\"12\" height=\"12\" fill=\"none\" viewBox=\"0 0 12 12\">\n\t\t\t\t<path fill=\"#fff\" d=\"M2 0a2 2 0 0 0-2 2v2h1.5V2a.5.5 0 0 1 .5-.5h2V0H2Zm2 10.5H2a.5.5 0 0 1-.5-.5V8H0v2a2 2 0 0 0 2 2h2v-1.5ZM8 12v-1.5h2a.5.5 0 0 0 .5-.5V8H12v2a2 2 0 0 1-2 2H8Zm2-12a2 2 0 0 1 2 2v2h-1.5V2a.5.5 0 0 0-.5-.5H8V0h2Z\" \/>\n\t\t\t<\/svg>\n\t\t<\/button><\/figure><\/div>\n\n\n<p><strong>V&nbsp;kresle predsedu Spr\u00e1vnej rady, dnes prezidenta AVS sa vystriedalo nieko\u013eko vod\u00e1rensk\u00fdch mana\u017e\u00e9rov, no 12 rokov z&nbsp;nich bola d\u00f4vera vies\u0165 Asoci\u00e1ciu vod\u00e1rensk\u00fdch spolo\u010dnost\u00ed preuk\u00e1zan\u00e1 V\u00e1m, \u010do nebude n\u00e1hoda.<br>Ste tu pre potreby AVS a&nbsp;jej \u010dlenov od roku 2003 doteraz, tak\u017ee by ste o&nbsp;jej radostiach i&nbsp;strastiach mali vedie\u0165 v\u0161etko. Ako ste vn\u00edmali tie \u00fapln\u00e9 za\u010diatky?<\/strong><br>Bolo to v&nbsp;ka\u017edom oh\u013eade zauj\u00edmav\u00e9. Ministerstvo (v&nbsp;\u010dase transform\u00e1cie e\u0161te po\u013enohospod\u00e1rstva, nesk\u00f4r \u017eivotn\u00e9ho prostredia) na jednej strane u\u017e nemalo dosah na riadenie vod\u00e1rensk\u00fdch spolo\u010dnost\u00ed, ale z&nbsp;historick\u00fdch zvyklost\u00ed na druhej strane c\u00edtilo potrebu zasahova\u0165 do ich riadenia. Trvalo nieko\u013eko rokov, k\u00fdm pracovn\u00edci z&nbsp;ministerstva pochopili, \u017ee vod\u00e1rensk\u00e9 spolo\u010dnosti m\u00f4\u017eu riadi\u0165 metodicky. Doslova sme rie\u0161ili probl\u00e9my nechcenej nevesty v&nbsp;zmysle \u201eu\u017e nie ste \u0161t\u00e1tny podnik, \u010do od n\u00e1s chcete?\u201c pr\u00edp. \u201e v\u0161etky probl\u00e9my si rie\u0161te sami!\u201c. Bolo to \u0165a\u017ek\u00e9 obdobie zd\u013ahav\u00fdch vysvet\u013eovan\u00ed, analytick\u00fdch pripomienok a&nbsp;verifik\u00e1ci\u00ed.<\/p>\n\n\n\n<p><strong>Ako ste vn\u00edmali potreby \u010derstvo vykreovan\u00fdch akciov\u00fdch spolo\u010dnost\u00ed? Mali v\u0161etky rovnak\u00e9 probl\u00e9my?<\/strong><br>\u00c1no, Asoci\u00e1cia rie\u0161ila komplexn\u00e9 probl\u00e9my vod\u00e1renstva na Slovensku a&nbsp;jeho uplatnenia v&nbsp;novom svete. Vod\u00e1rensk\u00e9 spolo\u010dnosti boli vn\u00edman\u00e9 ako s\u00fakromn\u00e9 akciov\u00e9 spolo\u010dnosti a&nbsp;paradoxne boli na nich uplat\u0148ovan\u00e9 met\u00f3dy ako na \u0161t\u00e1tne podniky. Samozrejme rovnako to fungovalo aj interne vo vod\u00e1rensk\u00fdch spolo\u010dnostiach. Mana\u017ementy prevzali \u0161t\u00e1tne podniky s&nbsp;ich slabinami a&nbsp;probl\u00e9mami. Ja som st\u00e1le vravel, \u017ee nie sme ryba ani rak. Ale tak je to v&nbsp;podstate aj teraz.<br>Na jednej strane sa o\u010dak\u00e1va fungovanie vo verejnom z\u00e1ujme, ale ak potrebujeme pomoc od \u0161t\u00e1tu, tak sa na n\u00e1s nazer\u00e1 ako na s\u00fakromn\u00e9 spolo\u010dnosti. Vod\u00e1rensk\u00e9 z\u00e1kony boli a&nbsp;aj teraz s\u00fa rie\u0161en\u00e9 ako pre \u0161t\u00e1tne spolo\u010dnosti, ale v\u0161etky finan\u010dne n\u00e1ro\u010dn\u00e9 oper\u00e1cie, ulo\u017een\u00e9 z\u00e1konom, si maj\u00fa vod\u00e1rensk\u00e9 spolo\u010dnosti rie\u0161i\u0165 z&nbsp;ich s\u00fakromn\u00fdch financi\u00ed\u2026<\/p>\n\n\n\n<p><strong>VS nevznikli v\u0161etky odrazu, nemali rovnak\u00fd po\u010det akcion\u00e1rov, sp\u00f4sobovalo to rozdiely alebo sk\u00f4r sp\u00e1jalo v&nbsp;spravovan\u00ed AVS? St\u00e1le hovor\u00edme o&nbsp;za\u010diatkoch AVS\u2026<\/strong><br>Transform\u00e1cia vod\u00e1rensk\u00fdch spolo\u010dnost\u00ed prebiehala nieko\u013eko rokov. Najprv bol jedin\u00fd akcion\u00e1r a&nbsp;to \u0161t\u00e1t. Zastupovan\u00fd bol Fondom n\u00e1rodn\u00e9ho majetku a&nbsp;postupne sa prepisovali jeho akcie na nov\u00fdch akcion\u00e1rov&nbsp;\u2013 mest\u00e1 a&nbsp;obce.<br>V\u0161etky, bez oh\u013eadu na to, \u010di to boli men\u0161ie \u010di v\u00e4\u010d\u0161ie vod\u00e1rensk\u00e9 spolo\u010dnosti, sme pri prevodoch do vlastn\u00edctva mali rovnak\u00e9 probl\u00e9my. Niekedy to boli a\u017e \u00fasmevn\u00e9 momenty, preto\u017ee zo strany niektor\u00fdch obc\u00ed ako nov\u00fdch akcion\u00e1rov nebola pochopen\u00e1 transform\u00e1cia. Doslova odmietali spolupracova\u0165 pri prevode akci\u00ed, spom\u00ednam si, \u017ee jeden starosta sa pred nami skr\u00fdval, akoby sme mu chodili pon\u00faka\u0165 nie\u010do na predaj\u2026 \ud83d\ude0a<\/p>\n\n\n\n<p><strong>Va\u0161e programov\u00e9 ciele v&nbsp;AVS boli \u0161irok\u00e9, ako ste konkr\u00e9tne Vy s\u00e1m spokojn\u00fd s&nbsp;ich nap\u013a\u0148an\u00edm?<\/strong><br>Podarilo sa n\u00e1m mno\u017estvo projektov a&nbsp;rie\u0161en\u00ed, m\u00e1me v\u0161ak aj mno\u017estvo v\u00fdziev, ktor\u00e9 aj po to\u013ek\u00fdch rokoch existencie AVS, ost\u00e1vaj\u00fa otvoren\u00e9. Dar\u00ed sa n\u00e1m na odbornej platforme rie\u0161i\u0165 legislat\u00edvne zmeny v&nbsp;z\u00e1konoch a&nbsp;prisp\u00f4sobova\u0165 legislat\u00edvu nov\u00fdm podmienkam v&nbsp;slovenskom vod\u00e1renstve. Stali sme sa s\u00fa\u010das\u0165ou medzin\u00e1rodn\u00fdch \u0161trukt\u00far, sme reprezentat\u00edvnou s\u00fa\u010das\u0165ou vod\u00e1rensk\u00e9ho r\u00e1mca E\u00da.<br>\u017dia\u013e, od vzniku AVS sa sna\u017e\u00edme presadi\u0165 zmyslupln\u00e9 rie\u0161enia probl\u00e9mov v&nbsp;oblasti cenotvorby. No doteraz sme ako regulovan\u00e9 subjekty nena\u0161li uspokojiv\u00fd a&nbsp;spr\u00e1vny syst\u00e9m rie\u0161enia tvorby cien vodn\u00e9ho a&nbsp;sto\u010dn\u00e9ho na Slovensku.<\/p>\n\n\n\n<p><strong>Je nie\u010do, \u010do by ste s&nbsp;mo\u017enos\u0165ou \u201ecestovania v&nbsp;\u010dase\u201c a&nbsp;samozrejme v&nbsp;s\u00favislosti s&nbsp;AVS urobili dnes inak?<\/strong><br>Ur\u010dite. Pri vzniku vod\u00e1rensk\u00fdch spolo\u010dnost\u00ed by som trval na tom, aby sa pri transform\u00e1cii vod\u00e1rn\u00ed rie\u0161ilo ohodnotenie majetku. Nie pod\u013ea transforma\u010dn\u00e9ho protokolu a&nbsp;evidovan\u00e9ho majetku \u0161t\u00e1tnych podnikov. Ale kompetentne znaleck\u00fdm hodnoten\u00edm. T\u00fdm by sme si u\u0161etrili roky tr\u00e1pen\u00ed v&nbsp;oblasti cenotvorby. Je nesmierne \u0165a\u017ek\u00e9 vysvetli\u0165 obyvate\u013eom, ktor\u00ed mali roky vodu zdarma alebo za minim\u00e1lne ceny, \u017ee musia zaplati\u0165 za v\u00fdrobu a&nbsp;distrib\u00faciu pitnej vody\u2026<br>Ale v&nbsp;kontexte doby sme mali amb\u00edciu urobi\u0165 to najlep\u0161ie pre vod\u00e1renstvo. Aj preto by som sa r\u00e1d po\u010fakoval p\u00e1novi Gemeranovi, \u010das jednozna\u010dne uk\u00e1zal, \u017ee my\u0161lienka zalo\u017eenia AVS bola opodstatnen\u00e1.<\/p>\n\n\n\n<p><strong>V&nbsp;\u010dom vid\u00edte teda najv\u00e4\u010d\u0161\u00ed probl\u00e9m?<\/strong><br>Ako som u\u017e uviedol, na za\u010diatku sa urobili ist\u00e9 chyby a&nbsp;tie sa s&nbsp;nami vez\u00fa u\u017e 20 rokov. Hovor\u00edme o&nbsp;odpisoch majetku vo vod\u00e1renstve. Ten predsa tak ako v\u0161etko jednoducho starne a&nbsp;je potrebn\u00e9 ho obnovova\u0165. Na tento zrejm\u00fd fakt ani \u0161t\u00e1t ani regul\u00e1tor zrejme nemyslel, preto je to ve\u010dn\u00fd boj o&nbsp;nastavenie cenovej politiky. Je nutn\u00e9 ma\u0165 v&nbsp;cene vodn\u00e9ho a&nbsp;sto\u010dn\u00e9ho re\u00e1lny finan\u010dn\u00fd priestor na obnovu star\u00fdch siet\u00ed a&nbsp;technol\u00f3gi\u00ed. A&nbsp;rovnako je potrebn\u00e9 myslie\u0165 aj na to, \u017ee vo vod\u00e1rensk\u00fdch spolo\u010dnostiach pracuj\u00fa \u013eudia, ktor\u00ed chc\u00fa dost\u00e1va\u0165 mzdy a&nbsp;to adekv\u00e1tne dne\u0161n\u00fdm po\u017eiadavk\u00e1m.<\/p>\n\n\n\n<p><strong>\u010co pova\u017eujete za najv\u00e4\u010d\u0161\u00ed pr\u00ednos AVS?<\/strong><br>Jednozna\u010dne jednotnos\u0165 v&nbsp;presadzovan\u00ed z\u00e1ujmov vod\u00e1rensk\u00fdch spolo\u010dnost\u00ed na Slovensku.<\/p>\n\n\n\n<p><strong>Ak\u00e9 m\u00e1te pl\u00e1ny a&nbsp;priority v&nbsp;zdru\u017een\u00ed dnes?<\/strong><br>Op\u00e4\u0165 sa vr\u00e1tim k&nbsp;t\u00e9me ceny vody. St\u00e1le m\u00e1me najd\u00f4le\u017eitej\u0161\u00ed cie\u013e dosiahnu\u0165, aby v&nbsp;cene vodn\u00e9ho a&nbsp;sto\u010dn\u00e9ho boli zahrnut\u00e9 v\u0161etky ekonomicky opr\u00e1vnen\u00e9 n\u00e1klady. Aby vod\u00e1renstvo nebolo zjednodu\u0161ene povedan\u00e9 piatym kolesom voza v&nbsp;sie\u0165ovom odvetv\u00ed. Aby si v\u0161etci zainteresovan\u00ed uvedomili, \u017ee bez vody\u2026<\/p>\n\n\n\n<p><strong>D\u00e1m V\u00e1m pr\u00edle\u017eitos\u0165, polo\u017ete ot\u00e1zku niekomu z&nbsp;odborn\u00fdch in\u0161tit\u00facii, zaanga\u017eovan\u00fdm osob\u00e1m, ak V\u00e1m nejak\u00e1 pr\u00edde na um. Za redakciu ju polo\u017e\u00edme vybranej osobe so \u017eiados\u0165ou o&nbsp;odpove\u010f.<\/strong><br>Ot\u00e1zok by bolo ve\u013ea, ale rie\u0161enia sa musia chysta\u0165 syst\u00e9movo, ot\u00e1zky patria na odborn\u00e9 stretnutia s&nbsp;kompetentn\u00fdmi. Mo\u017eno len tak\u00e9 zamyslenie:<br>Ka\u017ed\u00fd si mus\u00ed uvedomi\u0165 z\u00e1sadn\u00fa vec. Je neskoro, ke\u010f po oto\u010den\u00ed koh\u00fatika voda nepote\u010die\u2026<br><strong>\u010eakujem obom p\u00e1nom za rozhovor a prajem ve\u013ea \u00faspechov.<\/strong><\/p>\n\n\n\n<figure data-wp-context=\"{&quot;imageId&quot;:&quot;69f2989eee04c&quot;}\" data-wp-interactive=\"core\/image\" class=\"wp-block-image size-large wp-lightbox-container\"><img loading=\"lazy\" decoding=\"async\" width=\"1200\" height=\"900\" data-wp-class--hide=\"state.isContentHidden\" data-wp-class--show=\"state.isContentVisible\" data-wp-init=\"callbacks.setButtonStyles\" data-wp-on-async--click=\"actions.showLightbox\" data-wp-on-async--load=\"callbacks.setButtonStyles\" data-wp-on-async-window--resize=\"callbacks.setButtonStyles\" src=\"https:\/\/www.vodarenskepohlady.sk\/wp-content\/uploads\/2024\/07\/Asociacia-12.1.2005-005-copy-1200x900.jpg\" alt=\"\" class=\"wp-image-2456\" srcset=\"https:\/\/www.vodarenskepohlady.sk\/wp-content\/uploads\/2024\/07\/Asociacia-12.1.2005-005-copy-1200x900.jpg 1200w, https:\/\/www.vodarenskepohlady.sk\/wp-content\/uploads\/2024\/07\/Asociacia-12.1.2005-005-copy-500x375.jpg 500w, https:\/\/www.vodarenskepohlady.sk\/wp-content\/uploads\/2024\/07\/Asociacia-12.1.2005-005-copy-300x225.jpg 300w, https:\/\/www.vodarenskepohlady.sk\/wp-content\/uploads\/2024\/07\/Asociacia-12.1.2005-005-copy-768x576.jpg 768w, https:\/\/www.vodarenskepohlady.sk\/wp-content\/uploads\/2024\/07\/Asociacia-12.1.2005-005-copy-1536x1152.jpg 1536w, https:\/\/www.vodarenskepohlady.sk\/wp-content\/uploads\/2024\/07\/Asociacia-12.1.2005-005-copy-100x75.jpg 100w, https:\/\/www.vodarenskepohlady.sk\/wp-content\/uploads\/2024\/07\/Asociacia-12.1.2005-005-copy-480x360.jpg 480w, https:\/\/www.vodarenskepohlady.sk\/wp-content\/uploads\/2024\/07\/Asociacia-12.1.2005-005-copy.jpg 1920w\" sizes=\"auto, (max-width:767px) 480px, (max-width:1200px) 100vw, 1200px\" \/><button\n\t\t\tclass=\"lightbox-trigger\"\n\t\t\ttype=\"button\"\n\t\t\taria-haspopup=\"dialog\"\n\t\t\taria-label=\"Zv\u00e4\u010d\u0161i\u0165 obr\u00e1zok\"\n\t\t\tdata-wp-init=\"callbacks.initTriggerButton\"\n\t\t\tdata-wp-on-async--click=\"actions.showLightbox\"\n\t\t\tdata-wp-style--right=\"state.imageButtonRight\"\n\t\t\tdata-wp-style--top=\"state.imageButtonTop\"\n\t\t>\n\t\t\t<svg xmlns=\"http:\/\/www.w3.org\/2000\/svg\" width=\"12\" height=\"12\" fill=\"none\" viewBox=\"0 0 12 12\">\n\t\t\t\t<path fill=\"#fff\" d=\"M2 0a2 2 0 0 0-2 2v2h1.5V2a.5.5 0 0 1 .5-.5h2V0H2Zm2 10.5H2a.5.5 0 0 1-.5-.5V8H0v2a2 2 0 0 0 2 2h2v-1.5ZM8 12v-1.5h2a.5.5 0 0 0 .5-.5V8H12v2a2 2 0 0 1-2 2H8Zm2-12a2 2 0 0 1 2 2v2h-1.5V2a.5.5 0 0 0-.5-.5H8V0h2Z\" \/>\n\t\t\t<\/svg>\n\t\t<\/button><\/figure>\n\n\n\n<p><\/p>\n\n\n\n<figure data-wp-context=\"{&quot;imageId&quot;:&quot;69f2989eee58e&quot;}\" data-wp-interactive=\"core\/image\" class=\"wp-block-image size-large wp-lightbox-container\"><img loading=\"lazy\" decoding=\"async\" width=\"1200\" height=\"900\" data-wp-class--hide=\"state.isContentHidden\" data-wp-class--show=\"state.isContentVisible\" data-wp-init=\"callbacks.setButtonStyles\" data-wp-on-async--click=\"actions.showLightbox\" data-wp-on-async--load=\"callbacks.setButtonStyles\" data-wp-on-async-window--resize=\"callbacks.setButtonStyles\" src=\"https:\/\/www.vodarenskepohlady.sk\/wp-content\/uploads\/2024\/07\/podpis-zmluvy-9.12.2004-003-copy-1200x900.jpg\" alt=\"\" class=\"wp-image-2458\" srcset=\"https:\/\/www.vodarenskepohlady.sk\/wp-content\/uploads\/2024\/07\/podpis-zmluvy-9.12.2004-003-copy-1200x900.jpg 1200w, https:\/\/www.vodarenskepohlady.sk\/wp-content\/uploads\/2024\/07\/podpis-zmluvy-9.12.2004-003-copy-500x375.jpg 500w, https:\/\/www.vodarenskepohlady.sk\/wp-content\/uploads\/2024\/07\/podpis-zmluvy-9.12.2004-003-copy-300x225.jpg 300w, https:\/\/www.vodarenskepohlady.sk\/wp-content\/uploads\/2024\/07\/podpis-zmluvy-9.12.2004-003-copy-768x576.jpg 768w, https:\/\/www.vodarenskepohlady.sk\/wp-content\/uploads\/2024\/07\/podpis-zmluvy-9.12.2004-003-copy-1536x1152.jpg 1536w, https:\/\/www.vodarenskepohlady.sk\/wp-content\/uploads\/2024\/07\/podpis-zmluvy-9.12.2004-003-copy-100x75.jpg 100w, https:\/\/www.vodarenskepohlady.sk\/wp-content\/uploads\/2024\/07\/podpis-zmluvy-9.12.2004-003-copy-480x360.jpg 480w, https:\/\/www.vodarenskepohlady.sk\/wp-content\/uploads\/2024\/07\/podpis-zmluvy-9.12.2004-003-copy.jpg 1920w\" sizes=\"auto, (max-width:767px) 480px, (max-width:1200px) 100vw, 1200px\" \/><button\n\t\t\tclass=\"lightbox-trigger\"\n\t\t\ttype=\"button\"\n\t\t\taria-haspopup=\"dialog\"\n\t\t\taria-label=\"Zv\u00e4\u010d\u0161i\u0165 obr\u00e1zok\"\n\t\t\tdata-wp-init=\"callbacks.initTriggerButton\"\n\t\t\tdata-wp-on-async--click=\"actions.showLightbox\"\n\t\t\tdata-wp-style--right=\"state.imageButtonRight\"\n\t\t\tdata-wp-style--top=\"state.imageButtonTop\"\n\t\t>\n\t\t\t<svg xmlns=\"http:\/\/www.w3.org\/2000\/svg\" width=\"12\" height=\"12\" fill=\"none\" viewBox=\"0 0 12 12\">\n\t\t\t\t<path fill=\"#fff\" d=\"M2 0a2 2 0 0 0-2 2v2h1.5V2a.5.5 0 0 1 .5-.5h2V0H2Zm2 10.5H2a.5.5 0 0 1-.5-.5V8H0v2a2 2 0 0 0 2 2h2v-1.5ZM8 12v-1.5h2a.5.5 0 0 0 .5-.5V8H12v2a2 2 0 0 1-2 2H8Zm2-12a2 2 0 0 1 2 2v2h-1.5V2a.5.5 0 0 0-.5-.5H8V0h2Z\" \/>\n\t\t\t<\/svg>\n\t\t<\/button><figcaption class=\"wp-element-caption\"><em>Arch\u00edv redakcie &#8211; Memorandum podp\u00edsali predseda Spr\u00e1vnej rady Ing. Daniel Gemeran za Asoci\u00e1ciu a predseda predstavenstva SOVAK Ing. Ota Melcher za subjekt z \u010ceskej republiky. Memorandum o spolupr\u00e1ci podp\u00edsali d\u0148a 9. 12. 2004.<\/em><\/figcaption><\/figure>\n\n\n\n<figure data-wp-context=\"{&quot;imageId&quot;:&quot;69f2989eeeae5&quot;}\" data-wp-interactive=\"core\/image\" class=\"wp-block-image size-full wp-lightbox-container\"><img loading=\"lazy\" decoding=\"async\" width=\"945\" height=\"709\" data-wp-class--hide=\"state.isContentHidden\" data-wp-class--show=\"state.isContentVisible\" data-wp-init=\"callbacks.setButtonStyles\" data-wp-on-async--click=\"actions.showLightbox\" data-wp-on-async--load=\"callbacks.setButtonStyles\" data-wp-on-async-window--resize=\"callbacks.setButtonStyles\" src=\"https:\/\/www.vodarenskepohlady.sk\/wp-content\/uploads\/2024\/07\/Snemfoto1-copy.jpg\" alt=\"\" class=\"wp-image-2463\" srcset=\"https:\/\/www.vodarenskepohlady.sk\/wp-content\/uploads\/2024\/07\/Snemfoto1-copy.jpg 945w, https:\/\/www.vodarenskepohlady.sk\/wp-content\/uploads\/2024\/07\/Snemfoto1-copy-500x375.jpg 500w, https:\/\/www.vodarenskepohlady.sk\/wp-content\/uploads\/2024\/07\/Snemfoto1-copy-300x225.jpg 300w, https:\/\/www.vodarenskepohlady.sk\/wp-content\/uploads\/2024\/07\/Snemfoto1-copy-768x576.jpg 768w, https:\/\/www.vodarenskepohlady.sk\/wp-content\/uploads\/2024\/07\/Snemfoto1-copy-100x75.jpg 100w, https:\/\/www.vodarenskepohlady.sk\/wp-content\/uploads\/2024\/07\/Snemfoto1-copy-480x360.jpg 480w\" sizes=\"auto, (max-width:767px) 480px, (max-width:945px) 100vw, 945px\" \/><button\n\t\t\tclass=\"lightbox-trigger\"\n\t\t\ttype=\"button\"\n\t\t\taria-haspopup=\"dialog\"\n\t\t\taria-label=\"Zv\u00e4\u010d\u0161i\u0165 obr\u00e1zok\"\n\t\t\tdata-wp-init=\"callbacks.initTriggerButton\"\n\t\t\tdata-wp-on-async--click=\"actions.showLightbox\"\n\t\t\tdata-wp-style--right=\"state.imageButtonRight\"\n\t\t\tdata-wp-style--top=\"state.imageButtonTop\"\n\t\t>\n\t\t\t<svg xmlns=\"http:\/\/www.w3.org\/2000\/svg\" width=\"12\" height=\"12\" fill=\"none\" viewBox=\"0 0 12 12\">\n\t\t\t\t<path fill=\"#fff\" d=\"M2 0a2 2 0 0 0-2 2v2h1.5V2a.5.5 0 0 1 .5-.5h2V0H2Zm2 10.5H2a.5.5 0 0 1-.5-.5V8H0v2a2 2 0 0 0 2 2h2v-1.5ZM8 12v-1.5h2a.5.5 0 0 0 .5-.5V8H12v2a2 2 0 0 1-2 2H8Zm2-12a2 2 0 0 1 2 2v2h-1.5V2a.5.5 0 0 0-.5-.5H8V0h2Z\" \/>\n\t\t\t<\/svg>\n\t\t<\/button><figcaption class=\"wp-element-caption\"><em>Arch\u00edv redakcie &#8211; V\u00fdro\u010dn\u00fd snem AVS, Rajeck\u00e9 Teplice, 7. 6. 2005 Ing. Daniel Gemeran (prv\u00fd z\u013eava), <\/em><br><em>Ing. Stanislav Hreha, PhD., Ing. Miroslav Kundr\u00edk<\/em><\/figcaption><\/figure>\n\n\n\n<p>Martina Hidv\u00e9ghyov\u00e1<br>Foto: arch\u00edv redakcie<\/p>\n","protected":false},"excerpt":{"rendered":"<p>Asoci\u00e1cia vod\u00e1rensk\u00fdch spolo\u010dnost\u00ed Tento rok m\u00e1 pre vod\u00e1rensk\u00fa obec trochu sl\u00e1vnostn\u00fa pr\u00edchu\u0165. Na september chyst\u00e1 Asoci\u00e1cia vod\u00e1rensk\u00fdch spolo\u010dnost\u00ed (AVS) jubilejn\u00fa oslavu 20. v\u00fdro\u010dia jej vzniku. Aj<span class=\"excerpt-hellip\"> [\u2026]<\/span><\/p>\n","protected":false},"author":1,"featured_media":2456,"comment_status":"closed","ping_status":"closed","sticky":false,"template":"","format":"standard","meta":{"_monsterinsights_skip_tracking":false,"_monsterinsights_sitenote_active":false,"_monsterinsights_sitenote_note":"","_monsterinsights_sitenote_category":0,"footnotes":""},"categories":[4],"tags":[26,27],"class_list":["post-2434","post","type-post","status-publish","format-standard","has-post-thumbnail","hentry","category-hlavna-tema","tag-02-2024","tag-hlavna-tema"],"yoast_head":"<!-- This site is optimized with the Yoast SEO plugin v25.5 - https:\/\/yoast.com\/wordpress\/plugins\/seo\/ -->\n<title>Ako sa hovor\u00ed, je dospel\u00e1, kr\u00e1sna, \u0161ikovn\u00e1 a m\u00fadra - u\u017e sa m\u00f4\u017ee vyd\u00e1va\u0165 - Vod\u00e1rensk\u00e9 Poh\u013eady<\/title>\n<meta name=\"robots\" content=\"index, follow, max-snippet:-1, max-image-preview:large, max-video-preview:-1\" \/>\n<link rel=\"canonical\" href=\"https:\/\/www.vodarenskepohlady.sk\/?p=2434\" \/>\n<link rel=\"next\" href=\"https:\/\/www.vodarenskepohlady.sk\/?p=2434&page=2\" \/>\n<meta property=\"og:locale\" content=\"sk_SK\" \/>\n<meta property=\"og:type\" content=\"article\" \/>\n<meta property=\"og:title\" content=\"Ako sa hovor\u00ed, je dospel\u00e1, kr\u00e1sna, \u0161ikovn\u00e1 a m\u00fadra - u\u017e sa m\u00f4\u017ee vyd\u00e1va\u0165 - Vod\u00e1rensk\u00e9 Poh\u013eady\" \/>\n<meta property=\"og:description\" content=\"Asoci\u00e1cia vod\u00e1rensk\u00fdch spolo\u010dnost\u00ed Tento rok m\u00e1 pre vod\u00e1rensk\u00fa obec trochu sl\u00e1vnostn\u00fa pr\u00edchu\u0165. Na september chyst\u00e1 Asoci\u00e1cia vod\u00e1rensk\u00fdch spolo\u010dnost\u00ed (AVS) jubilejn\u00fa oslavu 20. v\u00fdro\u010dia jej vzniku. Aj [\u2026]\" \/>\n<meta property=\"og:url\" content=\"https:\/\/www.vodarenskepohlady.sk\/?p=2434\" \/>\n<meta property=\"og:site_name\" content=\"Vod\u00e1rensk\u00e9 Poh\u013eady\" \/>\n<meta property=\"article:published_time\" content=\"2024-01-30T09:19:16+00:00\" \/>\n<meta property=\"article:modified_time\" content=\"2024-12-18T09:42:11+00:00\" \/>\n<meta property=\"og:image\" content=\"https:\/\/www.vodarenskepohlady.sk\/wp-content\/uploads\/2024\/07\/Asociacia-12.1.2005-005-copy.jpg\" \/>\n\t<meta property=\"og:image:width\" content=\"1920\" \/>\n\t<meta property=\"og:image:height\" content=\"1440\" \/>\n\t<meta property=\"og:image:type\" content=\"image\/jpeg\" \/>\n<meta name=\"author\" content=\"vodarenskepohlad\" \/>\n<meta name=\"twitter:card\" content=\"summary_large_image\" \/>\n<meta name=\"twitter:label1\" content=\"Autor\" \/>\n\t<meta name=\"twitter:data1\" content=\"vodarenskepohlad\" \/>\n\t<meta name=\"twitter:label2\" content=\"Predpokladan\u00fd \u010das \u010d\u00edtania\" \/>\n\t<meta name=\"twitter:data2\" content=\"12 min\u00fat\" \/>\n<script type=\"application\/ld+json\" class=\"yoast-schema-graph\">{\"@context\":\"https:\/\/schema.org\",\"@graph\":[{\"@type\":\"WebPage\",\"@id\":\"https:\/\/www.vodarenskepohlady.sk\/?p=2434\",\"url\":\"https:\/\/www.vodarenskepohlady.sk\/?p=2434\",\"name\":\"Ako sa hovor\u00ed, je dospel\u00e1, kr\u00e1sna, \u0161ikovn\u00e1 a m\u00fadra - u\u017e sa m\u00f4\u017ee vyd\u00e1va\u0165 - Vod\u00e1rensk\u00e9 Poh\u013eady\",\"isPartOf\":{\"@id\":\"https:\/\/www.vodarenskepohlady.sk\/#website\"},\"primaryImageOfPage\":{\"@id\":\"https:\/\/www.vodarenskepohlady.sk\/?p=2434#primaryimage\"},\"image\":{\"@id\":\"https:\/\/www.vodarenskepohlady.sk\/?p=2434#primaryimage\"},\"thumbnailUrl\":\"https:\/\/www.vodarenskepohlady.sk\/wp-content\/uploads\/2024\/07\/Asociacia-12.1.2005-005-copy.jpg\",\"datePublished\":\"2024-01-30T09:19:16+00:00\",\"dateModified\":\"2024-12-18T09:42:11+00:00\",\"author\":{\"@id\":\"https:\/\/www.vodarenskepohlady.sk\/#\/schema\/person\/b0323457be19929ac24a7dfd05dd5e86\"},\"inLanguage\":\"sk-SK\",\"potentialAction\":[{\"@type\":\"ReadAction\",\"target\":[\"https:\/\/www.vodarenskepohlady.sk\/?p=2434\"]}]},{\"@type\":\"ImageObject\",\"inLanguage\":\"sk-SK\",\"@id\":\"https:\/\/www.vodarenskepohlady.sk\/?p=2434#primaryimage\",\"url\":\"https:\/\/www.vodarenskepohlady.sk\/wp-content\/uploads\/2024\/07\/Asociacia-12.1.2005-005-copy.jpg\",\"contentUrl\":\"https:\/\/www.vodarenskepohlady.sk\/wp-content\/uploads\/2024\/07\/Asociacia-12.1.2005-005-copy.jpg\",\"width\":1920,\"height\":1440},{\"@type\":\"WebSite\",\"@id\":\"https:\/\/www.vodarenskepohlady.sk\/#website\",\"url\":\"https:\/\/www.vodarenskepohlady.sk\/\",\"name\":\"Vod\u00e1rensk\u00e9 Poh\u013eady\",\"description\":\"\",\"potentialAction\":[{\"@type\":\"SearchAction\",\"target\":{\"@type\":\"EntryPoint\",\"urlTemplate\":\"https:\/\/www.vodarenskepohlady.sk\/?s={search_term_string}\"},\"query-input\":{\"@type\":\"PropertyValueSpecification\",\"valueRequired\":true,\"valueName\":\"search_term_string\"}}],\"inLanguage\":\"sk-SK\"},{\"@type\":\"Person\",\"@id\":\"https:\/\/www.vodarenskepohlady.sk\/#\/schema\/person\/b0323457be19929ac24a7dfd05dd5e86\",\"name\":\"vodarenskepohlad\",\"image\":{\"@type\":\"ImageObject\",\"inLanguage\":\"sk-SK\",\"@id\":\"https:\/\/www.vodarenskepohlady.sk\/#\/schema\/person\/image\/\",\"url\":\"https:\/\/secure.gravatar.com\/avatar\/96a89b7f123b4e155c2498f82e087269?s=96&d=mm&r=g\",\"contentUrl\":\"https:\/\/secure.gravatar.com\/avatar\/96a89b7f123b4e155c2498f82e087269?s=96&d=mm&r=g\",\"caption\":\"vodarenskepohlad\"},\"sameAs\":[\"https:\/\/www.vodarenskepohlady.sk\"],\"url\":\"https:\/\/www.vodarenskepohlady.sk\/?author=1\"}]}<\/script>\n<!-- \/ Yoast SEO plugin. -->","yoast_head_json":{"title":"Ako sa hovor\u00ed, je dospel\u00e1, kr\u00e1sna, \u0161ikovn\u00e1 a m\u00fadra - u\u017e sa m\u00f4\u017ee vyd\u00e1va\u0165 - Vod\u00e1rensk\u00e9 Poh\u013eady","robots":{"index":"index","follow":"follow","max-snippet":"max-snippet:-1","max-image-preview":"max-image-preview:large","max-video-preview":"max-video-preview:-1"},"canonical":"https:\/\/www.vodarenskepohlady.sk\/?p=2434","next":"https:\/\/www.vodarenskepohlady.sk\/?p=2434&page=2","og_locale":"sk_SK","og_type":"article","og_title":"Ako sa hovor\u00ed, je dospel\u00e1, kr\u00e1sna, \u0161ikovn\u00e1 a m\u00fadra - u\u017e sa m\u00f4\u017ee vyd\u00e1va\u0165 - Vod\u00e1rensk\u00e9 Poh\u013eady","og_description":"Asoci\u00e1cia vod\u00e1rensk\u00fdch spolo\u010dnost\u00ed Tento rok m\u00e1 pre vod\u00e1rensk\u00fa obec trochu sl\u00e1vnostn\u00fa pr\u00edchu\u0165. Na september chyst\u00e1 Asoci\u00e1cia vod\u00e1rensk\u00fdch spolo\u010dnost\u00ed (AVS) jubilejn\u00fa oslavu 20. v\u00fdro\u010dia jej vzniku. Aj [\u2026]","og_url":"https:\/\/www.vodarenskepohlady.sk\/?p=2434","og_site_name":"Vod\u00e1rensk\u00e9 Poh\u013eady","article_published_time":"2024-01-30T09:19:16+00:00","article_modified_time":"2024-12-18T09:42:11+00:00","og_image":[{"width":1920,"height":1440,"url":"https:\/\/www.vodarenskepohlady.sk\/wp-content\/uploads\/2024\/07\/Asociacia-12.1.2005-005-copy.jpg","type":"image\/jpeg"}],"author":"vodarenskepohlad","twitter_card":"summary_large_image","twitter_misc":{"Autor":"vodarenskepohlad","Predpokladan\u00fd \u010das \u010d\u00edtania":"12 min\u00fat"},"schema":{"@context":"https:\/\/schema.org","@graph":[{"@type":"WebPage","@id":"https:\/\/www.vodarenskepohlady.sk\/?p=2434","url":"https:\/\/www.vodarenskepohlady.sk\/?p=2434","name":"Ako sa hovor\u00ed, je dospel\u00e1, kr\u00e1sna, \u0161ikovn\u00e1 a m\u00fadra - u\u017e sa m\u00f4\u017ee vyd\u00e1va\u0165 - Vod\u00e1rensk\u00e9 Poh\u013eady","isPartOf":{"@id":"https:\/\/www.vodarenskepohlady.sk\/#website"},"primaryImageOfPage":{"@id":"https:\/\/www.vodarenskepohlady.sk\/?p=2434#primaryimage"},"image":{"@id":"https:\/\/www.vodarenskepohlady.sk\/?p=2434#primaryimage"},"thumbnailUrl":"https:\/\/www.vodarenskepohlady.sk\/wp-content\/uploads\/2024\/07\/Asociacia-12.1.2005-005-copy.jpg","datePublished":"2024-01-30T09:19:16+00:00","dateModified":"2024-12-18T09:42:11+00:00","author":{"@id":"https:\/\/www.vodarenskepohlady.sk\/#\/schema\/person\/b0323457be19929ac24a7dfd05dd5e86"},"inLanguage":"sk-SK","potentialAction":[{"@type":"ReadAction","target":["https:\/\/www.vodarenskepohlady.sk\/?p=2434"]}]},{"@type":"ImageObject","inLanguage":"sk-SK","@id":"https:\/\/www.vodarenskepohlady.sk\/?p=2434#primaryimage","url":"https:\/\/www.vodarenskepohlady.sk\/wp-content\/uploads\/2024\/07\/Asociacia-12.1.2005-005-copy.jpg","contentUrl":"https:\/\/www.vodarenskepohlady.sk\/wp-content\/uploads\/2024\/07\/Asociacia-12.1.2005-005-copy.jpg","width":1920,"height":1440},{"@type":"WebSite","@id":"https:\/\/www.vodarenskepohlady.sk\/#website","url":"https:\/\/www.vodarenskepohlady.sk\/","name":"Vod\u00e1rensk\u00e9 Poh\u013eady","description":"","potentialAction":[{"@type":"SearchAction","target":{"@type":"EntryPoint","urlTemplate":"https:\/\/www.vodarenskepohlady.sk\/?s={search_term_string}"},"query-input":{"@type":"PropertyValueSpecification","valueRequired":true,"valueName":"search_term_string"}}],"inLanguage":"sk-SK"},{"@type":"Person","@id":"https:\/\/www.vodarenskepohlady.sk\/#\/schema\/person\/b0323457be19929ac24a7dfd05dd5e86","name":"vodarenskepohlad","image":{"@type":"ImageObject","inLanguage":"sk-SK","@id":"https:\/\/www.vodarenskepohlady.sk\/#\/schema\/person\/image\/","url":"https:\/\/secure.gravatar.com\/avatar\/96a89b7f123b4e155c2498f82e087269?s=96&d=mm&r=g","contentUrl":"https:\/\/secure.gravatar.com\/avatar\/96a89b7f123b4e155c2498f82e087269?s=96&d=mm&r=g","caption":"vodarenskepohlad"},"sameAs":["https:\/\/www.vodarenskepohlady.sk"],"url":"https:\/\/www.vodarenskepohlady.sk\/?author=1"}]}},"_links":{"self":[{"href":"https:\/\/www.vodarenskepohlady.sk\/index.php?rest_route=\/wp\/v2\/posts\/2434","targetHints":{"allow":["GET"]}}],"collection":[{"href":"https:\/\/www.vodarenskepohlady.sk\/index.php?rest_route=\/wp\/v2\/posts"}],"about":[{"href":"https:\/\/www.vodarenskepohlady.sk\/index.php?rest_route=\/wp\/v2\/types\/post"}],"author":[{"embeddable":true,"href":"https:\/\/www.vodarenskepohlady.sk\/index.php?rest_route=\/wp\/v2\/users\/1"}],"replies":[{"embeddable":true,"href":"https:\/\/www.vodarenskepohlady.sk\/index.php?rest_route=%2Fwp%2Fv2%2Fcomments&post=2434"}],"version-history":[{"count":6,"href":"https:\/\/www.vodarenskepohlady.sk\/index.php?rest_route=\/wp\/v2\/posts\/2434\/revisions"}],"predecessor-version":[{"id":2900,"href":"https:\/\/www.vodarenskepohlady.sk\/index.php?rest_route=\/wp\/v2\/posts\/2434\/revisions\/2900"}],"wp:featuredmedia":[{"embeddable":true,"href":"https:\/\/www.vodarenskepohlady.sk\/index.php?rest_route=\/wp\/v2\/media\/2456"}],"wp:attachment":[{"href":"https:\/\/www.vodarenskepohlady.sk\/index.php?rest_route=%2Fwp%2Fv2%2Fmedia&parent=2434"}],"wp:term":[{"taxonomy":"category","embeddable":true,"href":"https:\/\/www.vodarenskepohlady.sk\/index.php?rest_route=%2Fwp%2Fv2%2Fcategories&post=2434"},{"taxonomy":"post_tag","embeddable":true,"href":"https:\/\/www.vodarenskepohlady.sk\/index.php?rest_route=%2Fwp%2Fv2%2Ftags&post=2434"}],"curies":[{"name":"wp","href":"https:\/\/api.w.org\/{rel}","templated":true}]}}