{"id":2277,"date":"2014-05-08T09:29:42","date_gmt":"2014-05-08T09:29:42","guid":{"rendered":"http:\/\/themes.muffingroup.com\/betheme\/?p=2277"},"modified":"2024-12-19T14:27:40","modified_gmt":"2024-12-19T13:27:40","slug":"5-2","status":"publish","type":"post","link":"https:\/\/www.vodarenskepohlady.sk\/?p=2277","title":{"rendered":"Zasadnutie valn\u00e9ho zhroma\u017edenia EurEau, Srbsko"},"content":{"rendered":"\n<p><\/p>\n\n\n<p>Prv\u00fd de\u0148 zasadnutia valn\u00e9ho zhroma\u017edenia v\u00a0Belehrade v\u00a0Hoteli Metropol Palace zah\u00e1jil prezent\u00e1ciou o\u00a0srbskom vodohospod\u00e1rskom odbore Dalibor Jokni\u010d, z\u00e1stupca srbskej asoci\u00e1cie CCIS. V\u00a0krajine p\u00f4sob\u00ed viac ako 180 vod\u00e1rensk\u00fdch spolo\u010dnost\u00ed, ale okrem toho existuje mno\u017estvo mal\u00fdch \u010di lok\u00e1lnych zdrojov, ktor\u00e9 nie s\u00fa v\u00a0n\u00e1rodnom syst\u00e9me evidovan\u00e9. Spomenul probl\u00e9m n\u00edzkej napojenosti obyvate\u013eov na verejn\u00fa kanaliz\u00e1ciu, ktor\u00e1 dosahuje iba 60 %, ako aj probl\u00e9m zvy\u0161ovania str\u00e1t vo vodovodnej sieti (voda nefakturovan\u00e1 predstavuje cca 45 % z\u00a0vody vyrobenej). Trend zvy\u0161uj\u00facich sa str\u00e1t sa zatia\u013e nedar\u00ed zastavi\u0165 a\u00a0to najm\u00e4 z\u00a0d\u00f4vodu dlhodob\u00e9ho podfinancovania odboru. D\u00f4vodom s\u00fa extr\u00e9mne n\u00edzke tarify (v\u00a0priemere 0,8 EUR\/m3), ktor\u00e9 nepokr\u00fdvaj\u00fa v\u00a0rade kalkul\u00e1ci\u00ed ani z\u00e1kladn\u00e9 prev\u00e1dzkov\u00e9 n\u00e1klady. Medzi \u010fal\u0161ie probl\u00e9my spomenul aj vysok\u00fd podiel azbestu vo vodovodnej sieti, kedy sa nedar\u00ed z\u00a0d\u00f4vodu nedostatku financi\u00ed tento materi\u00e1l dlhodobo nahr\u00e1dza\u0165 napr. plastov\u00fdm materi\u00e1lom.<br \/>Gener\u00e1lny tajomn\u00edk EurEau Oliver Loebel v\u00a0\u010fal\u0161om bode zasadnutia predstavil nov\u00e9ho \u010dlena valn\u00e9ho zhroma\u017edenia a\u00a0z\u00e1stupcu \u0161vaj\u010diarskej asoci\u00e1cie Mauro Sua, ktor\u00fd z\u00e1rove\u0148 p\u00f4sob\u00ed ako predseda \u0161vaj\u010diarskej asoci\u00e1cie SWGW. \u010eal\u0161\u00edm nov\u00fdm \u010dlenom valn\u00e9ho zhroma\u017edenia sa stal Henrik Wingfors, zastupuj\u00faci \u0161v\u00e9dsku asoci\u00e1ciu Svenks Vatten. Novoprijat\u00e1 vod\u00e1rensk\u00e1 asoci\u00e1cia SAMORKA z\u00a0Islandu zatia\u013e neposlala nomin\u00e1ciu svojho z\u00e1stupcu. Nasledovalo aj ve\u013ek\u00e9 po\u010fakovanie v\u0161etk\u00fdch \u010dlenov valn\u00e9ho zhroma\u017edenia Vladim\u00edrovi Jakubovi, z\u00e1stupcovi slovenskej asoci\u00e1cie AVS, ktor\u00fd po 18 rokoch kon\u010d\u00ed vo svojej funkcii \u010dlena valn\u00e9ho zhroma\u017edenia EurEau.<br \/>N\u00e1sledne bol schv\u00e1len\u00fd z\u00e1pis z\u00a0posledn\u00e9ho valn\u00e9ho zhroma\u017edenia EurEau a\u00a0boli skontrolovan\u00e9 \u00falohy pre sekretari\u00e1t. Oliver Loebel informoval o\u00a0pr\u00edprave akcie na rok 2025, kedy sa bude oslavova\u0165 50 rokov EurEau v\u00a0Bruseli v\u00a0d\u0148och 22. &#8211; 23. 5. 2025. Informoval tie\u017e o\u00a0pr\u00edprave kongresu EurEau na rok 2026, kedy zatia\u013e nebolo rozhodnut\u00e9 na \u00farovni ExCom o\u00a0tom, \u010di bude naozaj realizovan\u00e9.<br \/>Program pokra\u010doval diskusiou nad spojen\u00fdm materi\u00e1lom Strat\u00e9gia EurEau a\u00a0zmenou \u010dlensk\u00fdch pr\u00edspevkov. Tieto dve oblasti s\u00fa prepojen\u00e9 t\u00fdm, \u017ee pre nav\u00fd\u0161enie po\u010dtu legislat\u00edvnych pracovn\u00edkov EurEau (doteraz 2 osoby) celkom na 3 pracovn\u00edkov s\u00fa potrebn\u00e9 dostato\u010dn\u00e9 finan\u010dn\u00e9 zdroje a\u00a0to aj napriek prebytkov\u00e9mu hospod\u00e1reniu v\u00a0roku 2023. Diskusia bola ve\u013emi dlh\u00e1, av\u0161ak v\u00fdsledkom bola dohoda o\u00a0jednorazovom zv\u00fd\u0161en\u00ed pr\u00edspevkov v\u00a0roku 2025.<br \/>V\u00a0r\u00e1mci pripomienok k\u00a0predlo\u017eenej strat\u00e9gii bolo po\u017eiadan\u00e9 zo strany z\u00e1stupcov jednotliv\u00fdch \u010dlensk\u00fdch organiz\u00e1ci\u00ed najm\u00e4 o\u00a0viac konkr\u00e9tne ciele v\u00a0oblasti nutnej a\u00a0bezpodmiene\u010dnej komunik\u00e1cie s\u00a0po\u013enohospod\u00e1rskymi asoci\u00e1ciami na \u00farovni E\u00da. \u010ealej bude integrovan\u00e1 po\u017eiadavka na jasn\u00fa podporu s\u00fa\u010dasnej praxe nakladania s\u00a0\u010distiarensk\u00fdmi kalmi, kedy nie je mo\u017en\u00e9 akceptova\u0165 snahy o\u00a0plo\u0161n\u00e9 obmedzenie ich aplik\u00e1cie iba na z\u00e1klade predbe\u017enej opatrnosti. Zo strany SOVAK bola uplatnen\u00e1 po\u017eiadavka na to, aby strat\u00e9gia jasne podporila cie\u013e nastavenia cien pre vodn\u00e9 a\u00a0sto\u010dn\u00e9 tak, aby pokr\u00fdvali ako prev\u00e1dzkov\u00e9 n\u00e1klady, tak aj obnovu a\u00a0rozvoj infra\u0161trukt\u00fary s\u00a0mo\u017enos\u0165ou kompenz\u00e1cie cien pr\u00edpadn\u00fdm vyu\u017eit\u00edm da\u0148ovej a\u00a0dota\u010dnej podpory a\u00a0zdrojov zo s\u00fakromnej sf\u00e9ry.<br \/>V\u00a0\u010fal\u0161om bode z\u00e1stupca belgickej asoci\u00e1cie Belgaqua a\u00a0z\u00e1rove\u0148 pokladn\u00edk EurEau Allain Gillis zrekapituloval hospod\u00e1renie EurEau za rok 2023, ktor\u00e9 skon\u010dilo prebytkom vo v\u00fd\u0161ke takmer 20 tis. \u20ac. Potvrdil tie\u017e, \u017ee v\u00fdsledok bol auditovan\u00fd bez ak\u00e9hoko\u013evek n\u00e1lezu. \u00da\u010dtovn\u00e1 z\u00e1vierka aj rozdelenie zisku na pokrytie str\u00e1t z\u00a0minul\u00fdch rokov boli schv\u00e1len\u00e9.<br \/>V\u00a0\u010dasti venuj\u00facej sa aktivit\u00e1m sekretari\u00e1tu EurEau, gener\u00e1lny tajomn\u00edk Oliver Loebel zrekapituloval aktu\u00e1lny stav a\u00a0predpovede zlo\u017eenia nov\u00e9ho Eur\u00f3pskeho parlamentu. Pod\u013ea prieskumov je zrejm\u00e9, \u017ee doch\u00e1dza k\u00a0\u00fabytku pomoci na \u013eavom spektre a\u00a0n\u00e1rastu podpory pravicov\u00fdch str\u00e1n. Tento predpokladan\u00fd tlak je u\u017e reflektovan\u00fd v\u00a0poz\u00edcii Eur\u00f3pskej komisie, ktor\u00e1 sa odkl\u00e1\u0148a od p\u00f4vodn\u00e9ho ve\u013ek\u00e9ho tlaku na zv\u00fd\u0161enie ochrany \u017eivotn\u00e9ho prostredia a\u00a0zamedzenie klimatick\u00fdm zmen\u00e1m a\u00a0d\u00f4raz naopak Eur\u00f3pska komisia teraz kladie na tri z\u00e1kladn\u00e9 okruhy: obranu, migr\u00e1ciu a\u00a0konkurencie schopnos\u0165.<br \/>Caroline Greene informovala o\u00a0ve\u013ekom z\u00e1ujme o\u00a0Manifesto EurEau (najm\u00e4 teraz pred vo\u013ebami do Eur\u00f3pskeho parlamentu), ktor\u00e9 je k\u00a0dispoz\u00edcii na str\u00e1nkach www.eureau.org. EurEau pokra\u010duje v\u00a0organiz\u00e1cii webin\u00e1rov, ktor\u00e9 sa v\u00a0nasleduj\u00facom obdob\u00ed zameriavaj\u00fa na vzdel\u00e1vanie, recykl\u00e1ciu vody. Diskusia sa venovala aj vyu\u017e\u00edvaniu soci\u00e1lnych siet\u00ed, kde mnoho eur\u00f3pskych asoci\u00e1ci\u00ed u\u017e odst\u00fapilo od vyu\u017e\u00edvania siete X a\u00a0naopak d\u00f4raz je teraz kladen\u00fd na LinkedIn. Potvrden\u00fd bol aj term\u00edn 22-23\/5\/2025 pre organiz\u00e1ciu osl\u00e1v 50 rokov EurEau v\u00a0Bruseli a\u00a0vlastn\u00fd priebeh organiz\u00e1cie osl\u00e1v, ktor\u00e9 sa bud\u00fa kona\u0165 v\u00a0\u00faplnej bl\u00edzkosti s\u00eddla Eur\u00f3pskej komisie.<br \/>Susanne Vansg\u00e5rd z\u00a0d\u00e1nskej asoci\u00e1cie informovala o\u00a0u\u017e prebiehaj\u00facej pr\u00edprave agendy v\u00a0oblasti \u017eivotn\u00e9ho prostredia Eur\u00f3pskej komisie, kedy je pripravovan\u00e1 agenda pre predsedaj\u00facu krajinu Ma\u010farsko (od 7\/2024) a\u00a0n\u00e1sledne Po\u013esko a\u00a0D\u00e1nsko.<br \/>Riina Liikanen, predsedn\u00ed\u010dka komisie EU1 informovala o\u00a0zbere \u00fadajov v\u00a0komisii o\u00a0implement\u00e1cii novelizovanej smernice o\u00a0pitn\u00fdch vod\u00e1ch v\u00a0jednotliv\u00fdch \u010dlensk\u00fdch krajin\u00e1ch. Zamerala sa potom na BPA (bisfenol A), u\u00a0ktor\u00e9ho komisia E\u00da1 spracov\u00e1va dokument k\u00a0pr\u00edtomnosti, monitoringu a\u00a0odstra\u0148ovaniu tejto l\u00e1tky z\u00a0pitn\u00fdch v\u00f4d. Podobne je priebe\u017ene aktualizovan\u00fd dokument k\u00a0PFAS a\u00a0aktu\u00e1lnu situ\u00e1ciu v\u00a0\u010dlensk\u00fdch \u0161t\u00e1toch. Riina \u010falej upozornila na prebiehaj\u00face hodnotenie EFSA (Eur\u00f3psky \u00farad pre bezpe\u010dnos\u0165 potrav\u00edn) relevantnosti metabolitov pestic\u00eddov. V\u00fdstup je o\u010dak\u00e1van\u00fd e\u0161te v\u00a0tomto roku a\u00a0toto hodnotenie m\u00f4\u017ee v\u00fdznamne ovplyvni\u0165 klasifik\u00e1ciu a\u00a0vykazovanie zhody s\u00a0po\u017eiadavkami na regul\u00e1ciu kvality pitnej vody. Negat\u00edvne zhodnotila zdr\u017eanie vo vydan\u00ed Water Resilience Initiative, ktor\u00e1 v\u00a0mnoh\u00fdch oblastiach umo\u017en\u00ed pr\u00edpravu na d\u00f4sledky klimatick\u00fdch zmien na vodohospod\u00e1rsky sektor.<br \/>\u010clen kancel\u00e1rie S\u00e9bastien Mouret informoval o\u00a0rokovaniach s\u00a0Eur\u00f3pskou komisiou nad t\u00e9mou str\u00e1t z\u00a0vodovodnej siete, ke\u010f \u010dlensk\u00e9 \u0161t\u00e1ty musia v\u010faka revidovanej smernici o\u00a0pitnej vode do konca roku 2025 predstavi\u0165 n\u00e1rodn\u00e9 ciele v\u00a0tejto oblasti. Absol\u00fatna v\u00e4\u010d\u0161ina z\u00e1stupcov \u010dlensk\u00fdch \u0161t\u00e1tov po\u010das otvoren\u00e9ho rokovania Eur\u00f3pskej komisie na t\u00e9mu podporila pozi\u010dn\u00fd dokument EurEau, ktor\u00fd trv\u00e1 na vyu\u017e\u00edvan\u00ed presn\u00fdch a\u00a0dostupn\u00fdch d\u00e1t\u00a0\u2013 mern\u00fdch \u00fanikov z\u00a0vodovodnej siete \u010di % nefakturovanej vody namiesto ukazovate\u013ea ILI (Infrastructure Leakage Index). Dohoda zatia\u013e nebola dosiahnut\u00e1.<br \/>V\u00a0\u010fal\u0161ej \u010dasti bol priestor venovan\u00fd PFAS a\u00a0Ak\u010dn\u00e9mu pl\u00e1nu EurEau k\u00a0PFAS (existuj\u00facemu u\u017e od roku 2022), ktor\u00e9ho aktualiz\u00e1cia bola nadv\u00e4zne schv\u00e1len\u00e1. Mnoh\u00e9 z\u00a0\u010diastkov\u00fdch \u00faloh boli u\u017e splnen\u00e9 (vydan\u00e9 stanovisko EurEau k\u00a0PFAS \u010di pr\u00edru\u010dka k\u00a0dopadom PFAS, organiz\u00e1cia semin\u00e1ra). V\u00a0nadv\u00e4znej diskusii Hans de Groene z\u00a0holandskej asoci\u00e1cie informoval o\u00a0tom, \u017ee v\u00a0minulom roku sa stalo pr\u00e1voplatn\u00e9 rozhodnutie s\u00fadu o\u00a0stanoven\u00ed zodpovednosti DuPont za zne\u010distenie \u017eivotn\u00e9ho prostredia PFAS v\u00a0lokalite Dordrecht. Aktu\u00e1lne bola podan\u00e1 hromadn\u00e1 \u017ealoba 11 environment\u00e1lne orientovan\u00fdch organiz\u00e1ci\u00ed na \u0161t\u00e1t pr\u00e1ve za ne\u010dinnos\u0165 v\u00a0tejto oblasti s\u00a0t\u00fdm, \u017ee v\u00a0auguste bude prv\u00e9 s\u00fadne pojedn\u00e1vanie v\u00a0Haagu. Podobne tomu vznikla hromadn\u00e1 \u017ealoba z\u00e1kazn\u00edckych asoci\u00e1ci\u00ed na talianske chemick\u00e9 z\u00e1vody, vyr\u00e1baj\u00face PFAS &#8211; tu sa na s\u00fadne prerokovanie zatia\u013e \u010dak\u00e1. Z\u00e1stupcovia \u010fal\u0161\u00edch \u010dlensk\u00fdch asoci\u00e1ci\u00ed potvrdili, \u017ee obdobn\u00e1 situ\u00e1cia je aj tu (menovite v\u00a0Nemecku a\u00a0vo Ve\u013ekej Brit\u00e1nii).<br \/>John Casey, predseda komisie E\u00da2, informoval o\u00a0tom, \u017ee je potrebn\u00e9 aktualizova\u0165 d\u00e1tov\u00fd s\u00fahrn Water in Figures. Oliver Loebel informoval o\u00a0zru\u0161en\u00ed pracovnej skupiny Value of Water Services. Na druhej strane v\u00fdstupy pracovnej skupiny k\u00a0v\u00fdskumu prispeli v\u00fdznamne po diskusii s\u00a0DG RDT k\u00a0formul\u00e1cii prior\u00edt nov\u00e9ho pl\u00e1novacieho obdobia 2024-27 pre V\u00fdskumn\u00fd r\u00e1mec Horizon a\u00a0EurEau sa stalo aj spolurie\u0161ite\u013eom projektu Cirseau, ktor\u00fd z\u00edskal financovanie. V\u00fdstupom pr\u00e1ce prac. skupiny pre znovu vyu\u017e\u00edvanie vody bol zoznam technick\u00fdch parametrov, ktor\u00fd je teraz pr\u00edlohou metodiky rizikovej anal\u00fdzy, ktor\u00e1 sprev\u00e1dza nariadenie o\u00a0znovu vyu\u017e\u00edvan\u00ed vody.<br \/>Pozornos\u0165 bola venovan\u00e1 aj eur\u00f3pskej benchmarkingovej platforme EBC, ktor\u00e1 bola zalo\u017een\u00e1 v\u00a0roku 2005 vybran\u00fdmi holandsk\u00fdmi a\u00a0seversk\u00fdmi vod\u00e1rensk\u00fdmi spolo\u010dnos\u0165ami a\u00a0v\u00a0s\u00fa\u010dasnosti pokr\u00fdva cca 40-50 spolo\u010dnost\u00ed. Pr\u00edtomn\u00ed nedo\u0161li k\u00a0jednotn\u00e9mu z\u00e1meru o\u00a0priamom zapojen\u00ed EurEau do aktivity a\u00a0pr\u00edpadn\u00e1 \u00fa\u010das\u0165 je tak \u010disto individu\u00e1lnym rozhodnut\u00edm.<br \/>Na z\u00e1ver gener\u00e1lny tajomn\u00edk a\u00a0prezident EurEau po\u010fakovali srbsk\u00e9mu z\u00e1stupcovi v\u00a0EurEau Daliborovi Jokni\u010dovi za organiz\u00e1ciu valn\u00e9ho zhroma\u017edenia v\u00a0Belehrade a\u00a0potvrdili term\u00edn \u010fal\u0161ieho zasadnutia valn\u00e9ho zhroma\u017edenia <br \/>17. &#8211; 18. 10. 2025 v\u00a0\u0160tokholme.<\/p>\n<p>Ing. Vladim\u00edr Jakub<br \/>\u010dlen valn\u00e9ho zhroma\u017edenia EurEau<br \/>foto: arch\u00edv Ing. Vladim\u00edra Jakuba<\/p>\n\n\n<div class=\"wp-block-columns is-layout-flex wp-container-core-columns-is-layout-1 wp-block-columns-is-layout-flex\">\n<div class=\"wp-block-column is-layout-flow wp-block-column-is-layout-flow\">\n<figure class=\"wp-block-image size-large\"><img loading=\"lazy\" decoding=\"async\" width=\"1200\" height=\"900\" src=\"https:\/\/www.vodarenskepohlady.sk\/wp-content\/uploads\/2024\/07\/Prihovor-Ing.-Vladimir-Jakuba-na-jeho-poslednom-zasadnuti-EurEau-v-Belehrade-1200x900.jpg\" alt=\"\" class=\"wp-image-2468\" srcset=\"https:\/\/www.vodarenskepohlady.sk\/wp-content\/uploads\/2024\/07\/Prihovor-Ing.-Vladimir-Jakuba-na-jeho-poslednom-zasadnuti-EurEau-v-Belehrade-1200x900.jpg 1200w, https:\/\/www.vodarenskepohlady.sk\/wp-content\/uploads\/2024\/07\/Prihovor-Ing.-Vladimir-Jakuba-na-jeho-poslednom-zasadnuti-EurEau-v-Belehrade-500x375.jpg 500w, https:\/\/www.vodarenskepohlady.sk\/wp-content\/uploads\/2024\/07\/Prihovor-Ing.-Vladimir-Jakuba-na-jeho-poslednom-zasadnuti-EurEau-v-Belehrade-300x225.jpg 300w, https:\/\/www.vodarenskepohlady.sk\/wp-content\/uploads\/2024\/07\/Prihovor-Ing.-Vladimir-Jakuba-na-jeho-poslednom-zasadnuti-EurEau-v-Belehrade-768x576.jpg 768w, https:\/\/www.vodarenskepohlady.sk\/wp-content\/uploads\/2024\/07\/Prihovor-Ing.-Vladimir-Jakuba-na-jeho-poslednom-zasadnuti-EurEau-v-Belehrade-1536x1152.jpg 1536w, https:\/\/www.vodarenskepohlady.sk\/wp-content\/uploads\/2024\/07\/Prihovor-Ing.-Vladimir-Jakuba-na-jeho-poslednom-zasadnuti-EurEau-v-Belehrade-100x75.jpg 100w, https:\/\/www.vodarenskepohlady.sk\/wp-content\/uploads\/2024\/07\/Prihovor-Ing.-Vladimir-Jakuba-na-jeho-poslednom-zasadnuti-EurEau-v-Belehrade-480x360.jpg 480w, https:\/\/www.vodarenskepohlady.sk\/wp-content\/uploads\/2024\/07\/Prihovor-Ing.-Vladimir-Jakuba-na-jeho-poslednom-zasadnuti-EurEau-v-Belehrade.jpg 1920w\" sizes=\"auto, (max-width:767px) 480px, (max-width:1200px) 100vw, 1200px\" \/><figcaption class=\"wp-element-caption\"><em>Pr\u00edhovor Ing. Vladim\u00edr Jakuba na jeho poslednom zasadnut\u00ed EurEau v Belehrade<\/em><\/figcaption><\/figure>\n\n\n\n<figure class=\"wp-block-image size-large\"><img loading=\"lazy\" decoding=\"async\" width=\"992\" height=\"1200\" src=\"https:\/\/www.vodarenskepohlady.sk\/wp-content\/uploads\/2024\/07\/Metropol-Palace-miesto-konania-valneho-zhromazdenia-EurEau-v-Belehrade-23.-24.5.2024-992x1200.jpg\" alt=\"\" class=\"wp-image-2469\" srcset=\"https:\/\/www.vodarenskepohlady.sk\/wp-content\/uploads\/2024\/07\/Metropol-Palace-miesto-konania-valneho-zhromazdenia-EurEau-v-Belehrade-23.-24.5.2024-992x1200.jpg 992w, https:\/\/www.vodarenskepohlady.sk\/wp-content\/uploads\/2024\/07\/Metropol-Palace-miesto-konania-valneho-zhromazdenia-EurEau-v-Belehrade-23.-24.5.2024-413x500.jpg 413w, https:\/\/www.vodarenskepohlady.sk\/wp-content\/uploads\/2024\/07\/Metropol-Palace-miesto-konania-valneho-zhromazdenia-EurEau-v-Belehrade-23.-24.5.2024-248x300.jpg 248w, https:\/\/www.vodarenskepohlady.sk\/wp-content\/uploads\/2024\/07\/Metropol-Palace-miesto-konania-valneho-zhromazdenia-EurEau-v-Belehrade-23.-24.5.2024-768x929.jpg 768w, https:\/\/www.vodarenskepohlady.sk\/wp-content\/uploads\/2024\/07\/Metropol-Palace-miesto-konania-valneho-zhromazdenia-EurEau-v-Belehrade-23.-24.5.2024-1270x1536.jpg 1270w, https:\/\/www.vodarenskepohlady.sk\/wp-content\/uploads\/2024\/07\/Metropol-Palace-miesto-konania-valneho-zhromazdenia-EurEau-v-Belehrade-23.-24.5.2024-1693x2048.jpg 1693w, https:\/\/www.vodarenskepohlady.sk\/wp-content\/uploads\/2024\/07\/Metropol-Palace-miesto-konania-valneho-zhromazdenia-EurEau-v-Belehrade-23.-24.5.2024-62x75.jpg 62w, https:\/\/www.vodarenskepohlady.sk\/wp-content\/uploads\/2024\/07\/Metropol-Palace-miesto-konania-valneho-zhromazdenia-EurEau-v-Belehrade-23.-24.5.2024-480x581.jpg 480w, https:\/\/www.vodarenskepohlady.sk\/wp-content\/uploads\/2024\/07\/Metropol-Palace-miesto-konania-valneho-zhromazdenia-EurEau-v-Belehrade-23.-24.5.2024.jpg 1920w\" sizes=\"auto, (max-width:767px) 480px, (max-width:992px) 100vw, 992px\" \/><figcaption class=\"wp-element-caption\"><em>Metropol Palace, miesto konania valn\u00e9ho zhroma\u017edenia EurEau v Belehrade 23. &#8211; 24. 5. 2024<\/em><\/figcaption><\/figure>\n<\/div>\n\n\n\n<div class=\"wp-block-column is-layout-flow wp-block-column-is-layout-flow\">\n<figure class=\"wp-block-image size-large\"><img loading=\"lazy\" decoding=\"async\" width=\"1200\" height=\"900\" src=\"https:\/\/www.vodarenskepohlady.sk\/wp-content\/uploads\/2024\/07\/Vladimir-Jakub-18-rokov-clen-valneho-zhromazdenia-EurEau-1-1200x900.jpg\" alt=\"\" class=\"wp-image-2471\" srcset=\"https:\/\/www.vodarenskepohlady.sk\/wp-content\/uploads\/2024\/07\/Vladimir-Jakub-18-rokov-clen-valneho-zhromazdenia-EurEau-1-1200x900.jpg 1200w, https:\/\/www.vodarenskepohlady.sk\/wp-content\/uploads\/2024\/07\/Vladimir-Jakub-18-rokov-clen-valneho-zhromazdenia-EurEau-1-500x375.jpg 500w, https:\/\/www.vodarenskepohlady.sk\/wp-content\/uploads\/2024\/07\/Vladimir-Jakub-18-rokov-clen-valneho-zhromazdenia-EurEau-1-300x225.jpg 300w, https:\/\/www.vodarenskepohlady.sk\/wp-content\/uploads\/2024\/07\/Vladimir-Jakub-18-rokov-clen-valneho-zhromazdenia-EurEau-1-768x576.jpg 768w, https:\/\/www.vodarenskepohlady.sk\/wp-content\/uploads\/2024\/07\/Vladimir-Jakub-18-rokov-clen-valneho-zhromazdenia-EurEau-1-1536x1152.jpg 1536w, https:\/\/www.vodarenskepohlady.sk\/wp-content\/uploads\/2024\/07\/Vladimir-Jakub-18-rokov-clen-valneho-zhromazdenia-EurEau-1-100x75.jpg 100w, https:\/\/www.vodarenskepohlady.sk\/wp-content\/uploads\/2024\/07\/Vladimir-Jakub-18-rokov-clen-valneho-zhromazdenia-EurEau-1-480x360.jpg 480w, https:\/\/www.vodarenskepohlady.sk\/wp-content\/uploads\/2024\/07\/Vladimir-Jakub-18-rokov-clen-valneho-zhromazdenia-EurEau-1.jpg 1920w\" sizes=\"auto, (max-width:767px) 480px, (max-width:1200px) 100vw, 1200px\" \/><figcaption class=\"wp-element-caption\"><em>Vladimir Jakub &#8211; 18 rokov \u010dlen valn\u00e9ho zhroma\u017edenia EurEau<br><\/em><\/figcaption><\/figure>\n\n\n\n<p><em><br><br><br><\/em><\/p>\n<\/div>\n<\/div>\n\n\n\n<p class=\"has-text-align-right\"><\/p>\n","protected":false},"excerpt":{"rendered":"<p>Prv\u00fd de\u0148 zasadnutia valn\u00e9ho zhroma\u017edenia v\u00a0Belehrade v\u00a0Hoteli Metropol Palace zah\u00e1jil prezent\u00e1ciou o\u00a0srbskom vodohospod\u00e1rskom odbore Dalibor Jokni\u010d, z\u00e1stupca srbskej asoci\u00e1cie CCIS. V\u00a0krajine p\u00f4sob\u00ed viac ako 180 vod\u00e1rensk\u00fdch<span class=\"excerpt-hellip\"> [\u2026]<\/span><\/p>\n","protected":false},"author":1,"featured_media":2471,"comment_status":"closed","ping_status":"closed","sticky":false,"template":"","format":"standard","meta":{"_monsterinsights_skip_tracking":false,"_monsterinsights_sitenote_active":false,"_monsterinsights_sitenote_note":"","_monsterinsights_sitenote_category":0,"footnotes":""},"categories":[11],"tags":[26,37],"class_list":["post-2277","post","type-post","status-publish","format-standard","has-post-thumbnail","hentry","category-aktuality","tag-02-2024","tag-eureau"],"yoast_head":"<!-- This site is optimized with the Yoast SEO plugin v25.5 - https:\/\/yoast.com\/wordpress\/plugins\/seo\/ -->\n<title>Zasadnutie valn\u00e9ho zhroma\u017edenia EurEau, Srbsko - Vod\u00e1rensk\u00e9 Poh\u013eady<\/title>\n<meta name=\"robots\" content=\"index, follow, max-snippet:-1, max-image-preview:large, max-video-preview:-1\" \/>\n<link rel=\"canonical\" href=\"https:\/\/www.vodarenskepohlady.sk\/?p=2277\" \/>\n<meta property=\"og:locale\" content=\"sk_SK\" \/>\n<meta property=\"og:type\" content=\"article\" \/>\n<meta property=\"og:title\" content=\"Zasadnutie valn\u00e9ho zhroma\u017edenia EurEau, Srbsko - Vod\u00e1rensk\u00e9 Poh\u013eady\" \/>\n<meta property=\"og:description\" content=\"Prv\u00fd de\u0148 zasadnutia valn\u00e9ho zhroma\u017edenia v\u00a0Belehrade v\u00a0Hoteli Metropol Palace zah\u00e1jil prezent\u00e1ciou o\u00a0srbskom vodohospod\u00e1rskom odbore Dalibor Jokni\u010d, z\u00e1stupca srbskej asoci\u00e1cie CCIS. V\u00a0krajine p\u00f4sob\u00ed viac ako 180 vod\u00e1rensk\u00fdch [\u2026]\" \/>\n<meta property=\"og:url\" content=\"https:\/\/www.vodarenskepohlady.sk\/?p=2277\" \/>\n<meta property=\"og:site_name\" content=\"Vod\u00e1rensk\u00e9 Poh\u013eady\" \/>\n<meta property=\"article:published_time\" content=\"2014-05-08T09:29:42+00:00\" \/>\n<meta property=\"article:modified_time\" content=\"2024-12-19T13:27:40+00:00\" \/>\n<meta property=\"og:image\" content=\"https:\/\/www.vodarenskepohlady.sk\/wp-content\/uploads\/2024\/07\/Vladimir-Jakub-18-rokov-clen-valneho-zhromazdenia-EurEau-1.jpg\" \/>\n\t<meta property=\"og:image:width\" content=\"1920\" \/>\n\t<meta property=\"og:image:height\" content=\"1440\" \/>\n\t<meta property=\"og:image:type\" content=\"image\/jpeg\" \/>\n<meta name=\"author\" content=\"vodarenskepohlad\" \/>\n<meta name=\"twitter:card\" content=\"summary_large_image\" \/>\n<meta name=\"twitter:label1\" content=\"Autor\" \/>\n\t<meta name=\"twitter:data1\" content=\"vodarenskepohlad\" \/>\n\t<meta name=\"twitter:label2\" content=\"Predpokladan\u00fd \u010das \u010d\u00edtania\" \/>\n\t<meta name=\"twitter:data2\" content=\"8 min\u00fat\" \/>\n<script type=\"application\/ld+json\" class=\"yoast-schema-graph\">{\"@context\":\"https:\/\/schema.org\",\"@graph\":[{\"@type\":\"WebPage\",\"@id\":\"https:\/\/www.vodarenskepohlady.sk\/?p=2277\",\"url\":\"https:\/\/www.vodarenskepohlady.sk\/?p=2277\",\"name\":\"Zasadnutie valn\u00e9ho zhroma\u017edenia EurEau, Srbsko - Vod\u00e1rensk\u00e9 Poh\u013eady\",\"isPartOf\":{\"@id\":\"https:\/\/www.vodarenskepohlady.sk\/#website\"},\"primaryImageOfPage\":{\"@id\":\"https:\/\/www.vodarenskepohlady.sk\/?p=2277#primaryimage\"},\"image\":{\"@id\":\"https:\/\/www.vodarenskepohlady.sk\/?p=2277#primaryimage\"},\"thumbnailUrl\":\"https:\/\/www.vodarenskepohlady.sk\/wp-content\/uploads\/2024\/07\/Vladimir-Jakub-18-rokov-clen-valneho-zhromazdenia-EurEau-1.jpg\",\"datePublished\":\"2014-05-08T09:29:42+00:00\",\"dateModified\":\"2024-12-19T13:27:40+00:00\",\"author\":{\"@id\":\"https:\/\/www.vodarenskepohlady.sk\/#\/schema\/person\/b0323457be19929ac24a7dfd05dd5e86\"},\"breadcrumb\":{\"@id\":\"https:\/\/www.vodarenskepohlady.sk\/?p=2277#breadcrumb\"},\"inLanguage\":\"sk-SK\",\"potentialAction\":[{\"@type\":\"ReadAction\",\"target\":[\"https:\/\/www.vodarenskepohlady.sk\/?p=2277\"]}]},{\"@type\":\"ImageObject\",\"inLanguage\":\"sk-SK\",\"@id\":\"https:\/\/www.vodarenskepohlady.sk\/?p=2277#primaryimage\",\"url\":\"https:\/\/www.vodarenskepohlady.sk\/wp-content\/uploads\/2024\/07\/Vladimir-Jakub-18-rokov-clen-valneho-zhromazdenia-EurEau-1.jpg\",\"contentUrl\":\"https:\/\/www.vodarenskepohlady.sk\/wp-content\/uploads\/2024\/07\/Vladimir-Jakub-18-rokov-clen-valneho-zhromazdenia-EurEau-1.jpg\",\"width\":1920,\"height\":1440},{\"@type\":\"BreadcrumbList\",\"@id\":\"https:\/\/www.vodarenskepohlady.sk\/?p=2277#breadcrumb\",\"itemListElement\":[{\"@type\":\"ListItem\",\"position\":1,\"name\":\"Home\",\"item\":\"https:\/\/www.vodarenskepohlady.sk\/\"},{\"@type\":\"ListItem\",\"position\":2,\"name\":\"Zasadnutie valn\u00e9ho zhroma\u017edenia EurEau, Srbsko\"}]},{\"@type\":\"WebSite\",\"@id\":\"https:\/\/www.vodarenskepohlady.sk\/#website\",\"url\":\"https:\/\/www.vodarenskepohlady.sk\/\",\"name\":\"Vod\u00e1rensk\u00e9 Poh\u013eady\",\"description\":\"\",\"potentialAction\":[{\"@type\":\"SearchAction\",\"target\":{\"@type\":\"EntryPoint\",\"urlTemplate\":\"https:\/\/www.vodarenskepohlady.sk\/?s={search_term_string}\"},\"query-input\":{\"@type\":\"PropertyValueSpecification\",\"valueRequired\":true,\"valueName\":\"search_term_string\"}}],\"inLanguage\":\"sk-SK\"},{\"@type\":\"Person\",\"@id\":\"https:\/\/www.vodarenskepohlady.sk\/#\/schema\/person\/b0323457be19929ac24a7dfd05dd5e86\",\"name\":\"vodarenskepohlad\",\"image\":{\"@type\":\"ImageObject\",\"inLanguage\":\"sk-SK\",\"@id\":\"https:\/\/www.vodarenskepohlady.sk\/#\/schema\/person\/image\/\",\"url\":\"https:\/\/secure.gravatar.com\/avatar\/96a89b7f123b4e155c2498f82e087269?s=96&d=mm&r=g\",\"contentUrl\":\"https:\/\/secure.gravatar.com\/avatar\/96a89b7f123b4e155c2498f82e087269?s=96&d=mm&r=g\",\"caption\":\"vodarenskepohlad\"},\"sameAs\":[\"https:\/\/www.vodarenskepohlady.sk\"],\"url\":\"https:\/\/www.vodarenskepohlady.sk\/?author=1\"}]}<\/script>\n<!-- \/ Yoast SEO plugin. -->","yoast_head_json":{"title":"Zasadnutie valn\u00e9ho zhroma\u017edenia EurEau, Srbsko - Vod\u00e1rensk\u00e9 Poh\u013eady","robots":{"index":"index","follow":"follow","max-snippet":"max-snippet:-1","max-image-preview":"max-image-preview:large","max-video-preview":"max-video-preview:-1"},"canonical":"https:\/\/www.vodarenskepohlady.sk\/?p=2277","og_locale":"sk_SK","og_type":"article","og_title":"Zasadnutie valn\u00e9ho zhroma\u017edenia EurEau, Srbsko - Vod\u00e1rensk\u00e9 Poh\u013eady","og_description":"Prv\u00fd de\u0148 zasadnutia valn\u00e9ho zhroma\u017edenia v\u00a0Belehrade v\u00a0Hoteli Metropol Palace zah\u00e1jil prezent\u00e1ciou o\u00a0srbskom vodohospod\u00e1rskom odbore Dalibor Jokni\u010d, z\u00e1stupca srbskej asoci\u00e1cie CCIS. V\u00a0krajine p\u00f4sob\u00ed viac ako 180 vod\u00e1rensk\u00fdch [\u2026]","og_url":"https:\/\/www.vodarenskepohlady.sk\/?p=2277","og_site_name":"Vod\u00e1rensk\u00e9 Poh\u013eady","article_published_time":"2014-05-08T09:29:42+00:00","article_modified_time":"2024-12-19T13:27:40+00:00","og_image":[{"width":1920,"height":1440,"url":"https:\/\/www.vodarenskepohlady.sk\/wp-content\/uploads\/2024\/07\/Vladimir-Jakub-18-rokov-clen-valneho-zhromazdenia-EurEau-1.jpg","type":"image\/jpeg"}],"author":"vodarenskepohlad","twitter_card":"summary_large_image","twitter_misc":{"Autor":"vodarenskepohlad","Predpokladan\u00fd \u010das \u010d\u00edtania":"8 min\u00fat"},"schema":{"@context":"https:\/\/schema.org","@graph":[{"@type":"WebPage","@id":"https:\/\/www.vodarenskepohlady.sk\/?p=2277","url":"https:\/\/www.vodarenskepohlady.sk\/?p=2277","name":"Zasadnutie valn\u00e9ho zhroma\u017edenia EurEau, Srbsko - Vod\u00e1rensk\u00e9 Poh\u013eady","isPartOf":{"@id":"https:\/\/www.vodarenskepohlady.sk\/#website"},"primaryImageOfPage":{"@id":"https:\/\/www.vodarenskepohlady.sk\/?p=2277#primaryimage"},"image":{"@id":"https:\/\/www.vodarenskepohlady.sk\/?p=2277#primaryimage"},"thumbnailUrl":"https:\/\/www.vodarenskepohlady.sk\/wp-content\/uploads\/2024\/07\/Vladimir-Jakub-18-rokov-clen-valneho-zhromazdenia-EurEau-1.jpg","datePublished":"2014-05-08T09:29:42+00:00","dateModified":"2024-12-19T13:27:40+00:00","author":{"@id":"https:\/\/www.vodarenskepohlady.sk\/#\/schema\/person\/b0323457be19929ac24a7dfd05dd5e86"},"breadcrumb":{"@id":"https:\/\/www.vodarenskepohlady.sk\/?p=2277#breadcrumb"},"inLanguage":"sk-SK","potentialAction":[{"@type":"ReadAction","target":["https:\/\/www.vodarenskepohlady.sk\/?p=2277"]}]},{"@type":"ImageObject","inLanguage":"sk-SK","@id":"https:\/\/www.vodarenskepohlady.sk\/?p=2277#primaryimage","url":"https:\/\/www.vodarenskepohlady.sk\/wp-content\/uploads\/2024\/07\/Vladimir-Jakub-18-rokov-clen-valneho-zhromazdenia-EurEau-1.jpg","contentUrl":"https:\/\/www.vodarenskepohlady.sk\/wp-content\/uploads\/2024\/07\/Vladimir-Jakub-18-rokov-clen-valneho-zhromazdenia-EurEau-1.jpg","width":1920,"height":1440},{"@type":"BreadcrumbList","@id":"https:\/\/www.vodarenskepohlady.sk\/?p=2277#breadcrumb","itemListElement":[{"@type":"ListItem","position":1,"name":"Home","item":"https:\/\/www.vodarenskepohlady.sk\/"},{"@type":"ListItem","position":2,"name":"Zasadnutie valn\u00e9ho zhroma\u017edenia EurEau, Srbsko"}]},{"@type":"WebSite","@id":"https:\/\/www.vodarenskepohlady.sk\/#website","url":"https:\/\/www.vodarenskepohlady.sk\/","name":"Vod\u00e1rensk\u00e9 Poh\u013eady","description":"","potentialAction":[{"@type":"SearchAction","target":{"@type":"EntryPoint","urlTemplate":"https:\/\/www.vodarenskepohlady.sk\/?s={search_term_string}"},"query-input":{"@type":"PropertyValueSpecification","valueRequired":true,"valueName":"search_term_string"}}],"inLanguage":"sk-SK"},{"@type":"Person","@id":"https:\/\/www.vodarenskepohlady.sk\/#\/schema\/person\/b0323457be19929ac24a7dfd05dd5e86","name":"vodarenskepohlad","image":{"@type":"ImageObject","inLanguage":"sk-SK","@id":"https:\/\/www.vodarenskepohlady.sk\/#\/schema\/person\/image\/","url":"https:\/\/secure.gravatar.com\/avatar\/96a89b7f123b4e155c2498f82e087269?s=96&d=mm&r=g","contentUrl":"https:\/\/secure.gravatar.com\/avatar\/96a89b7f123b4e155c2498f82e087269?s=96&d=mm&r=g","caption":"vodarenskepohlad"},"sameAs":["https:\/\/www.vodarenskepohlady.sk"],"url":"https:\/\/www.vodarenskepohlady.sk\/?author=1"}]}},"_links":{"self":[{"href":"https:\/\/www.vodarenskepohlady.sk\/index.php?rest_route=\/wp\/v2\/posts\/2277","targetHints":{"allow":["GET"]}}],"collection":[{"href":"https:\/\/www.vodarenskepohlady.sk\/index.php?rest_route=\/wp\/v2\/posts"}],"about":[{"href":"https:\/\/www.vodarenskepohlady.sk\/index.php?rest_route=\/wp\/v2\/types\/post"}],"author":[{"embeddable":true,"href":"https:\/\/www.vodarenskepohlady.sk\/index.php?rest_route=\/wp\/v2\/users\/1"}],"replies":[{"embeddable":true,"href":"https:\/\/www.vodarenskepohlady.sk\/index.php?rest_route=%2Fwp%2Fv2%2Fcomments&post=2277"}],"version-history":[{"count":5,"href":"https:\/\/www.vodarenskepohlady.sk\/index.php?rest_route=\/wp\/v2\/posts\/2277\/revisions"}],"predecessor-version":[{"id":2642,"href":"https:\/\/www.vodarenskepohlady.sk\/index.php?rest_route=\/wp\/v2\/posts\/2277\/revisions\/2642"}],"wp:featuredmedia":[{"embeddable":true,"href":"https:\/\/www.vodarenskepohlady.sk\/index.php?rest_route=\/wp\/v2\/media\/2471"}],"wp:attachment":[{"href":"https:\/\/www.vodarenskepohlady.sk\/index.php?rest_route=%2Fwp%2Fv2%2Fmedia&parent=2277"}],"wp:term":[{"taxonomy":"category","embeddable":true,"href":"https:\/\/www.vodarenskepohlady.sk\/index.php?rest_route=%2Fwp%2Fv2%2Fcategories&post=2277"},{"taxonomy":"post_tag","embeddable":true,"href":"https:\/\/www.vodarenskepohlady.sk\/index.php?rest_route=%2Fwp%2Fv2%2Ftags&post=2277"}],"curies":[{"name":"wp","href":"https:\/\/api.w.org\/{rel}","templated":true}]}}